{"id":202,"date":"2014-02-04T23:22:43","date_gmt":"2014-02-05T01:22:43","guid":{"rendered":"http:\/\/www.merionline.com.br\/noticias\/?p=202"},"modified":"2014-02-04T23:22:43","modified_gmt":"2014-02-05T01:22:43","slug":"bruxismo-pode-estar-relacionado-ao-stress","status":"publish","type":"post","link":"https:\/\/www.merionline.com.br\/noticias\/bruxismo-pode-estar-relacionado-ao-stress\/","title":{"rendered":"Bruxismo pode estar relacionado ao stress"},"content":{"rendered":"<p><i>Problema pode atingir qualquer pessoa e \u00e9 mais frequente entre os 15 e 35 anos<\/i><\/p>\n<p>O stress adquirido no dia a dia pode ser a causa de v\u00e1rios problemas de sa\u00fade, entre eles um que se revela, principalmente, \u00e0 noite durante o sono: o bruxismo, vinculado ao ato inconsciente de apertar ou ranger os dentes.<\/p>\n<p>De acordo com os dentistas, n\u00e3o h\u00e1 uma defini\u00e7\u00e3o exata de como surge este problema, comum em cerca de 15% das pessoas, mas normalmente est\u00e1 relacionado a fatores psicol\u00f3gicos, como tens\u00e3o emocional, ansiedade, raiva, frustra\u00e7\u00f5es e tamb\u00e9m dentes mal posicionados.<\/p>\n<p>Os especialistas tamb\u00e9m declaram que o bruxismo \u00e9 mais comum entre as mulheres, com maior frequencia entre os 15 e 35 anos. O diagn\u00f3stico, geralmente, \u00e9 feito depois que surgem algumas complica\u00e7\u00f5es.<\/p>\n<p>De acordo com o cirurgi\u00e3o-dentista, Oscar Barbovitch de Almeida Prado, que atua na \u00e1rea h\u00e1 21 anos, al\u00e9m do desgaste dos dentes, o bruxismo pode provocar desagrad\u00e1veis consequ\u00eancias.<\/p>\n<p>\u201cEste tipo de problema pode causar fortes dores de cabe\u00e7a, dores na articula\u00e7\u00e3o, perturba\u00e7\u00e3o durante o sono, al\u00e9m de certamente prejudicar a forma\u00e7\u00e3o dos dentes causando desgastes\u201d, relatou Prado, que ainda informou: \u201ctraumas repetidos\u00a0e inflama\u00e7\u00e3o\u00a0da gengiva levam \u00e0 perda do suporte \u00f3sseo dos dentes, que se tornam m\u00f3veis\u201d.<\/p>\n<p>Embora seja poss\u00edvel que as pessoas em geral movimentem sua mand\u00edbula durante o sono, as com bruxismo t\u00eam algum padr\u00e3o diferente que faz com que elas ranjam os dentes mais frequentemente, e isso ainda n\u00e3o foi identificado exatamente.<\/p>\n<p>H\u00e1 cinco anos, a comerciante Carla Nascimento, 25 anos, sentia fortes dores nos ouvidos. Como orienta\u00e7\u00e3o, a jovem procurou um m\u00e9dico que logo descobriu o problema: bruxismo. Na \u00e9poca, Carla n\u00e3o sabia que tinha o problema, at\u00e9 que procurou tratamento. O aparelho usado pela comerciante para amenizar o problema \u00e9 uma placa de resina acr\u00edlica que visa proteger os dentes e relaxar a musculatura da boca.<\/p>\n<p>\u201cUm passo importante para tentar curar ou pelo menos diminuir o bruxismo \u00e9 cortar a tens\u00e3o psicol\u00f3gica. Isto pode ser feito atrav\u00e9s de esportes, ioga e exerc\u00edcios de relaxamento\u201d, salientou Prado.<\/p>\n<p>Ainda conforme o especialista, o n\u00edvel de stress pode agravar outros problemas. A solu\u00e7\u00e3o pode estar na mudan\u00e7a de h\u00e1bitos. Escovar os dentes com escovas macias para n\u00e3o desgastar o esmalte, n\u00e3o tomar bebida que tenha cafe\u00edna, al\u00e9m de fazer exerc\u00edcios durante o dia.<\/p>\n<p>&nbsp;<\/p>\n<p><b>LEGENDA:<\/b> \u201cUm alinhamento incorreto dos dentes est\u00e1 presente na maior parte dos casos\u201d, destaca o cirurgi\u00e3o-dentista Oscar<\/p>\n","protected":false},"excerpt":{"rendered":"<p>Problema pode atingir qualquer pessoa e \u00e9 mais frequente entre os 15 e 35 anos O stress adquirido no dia a dia pode ser a causa de v\u00e1rios problemas de sa\u00fade, entre eles um que se revela, principalmente, \u00e0 noite durante o sono: o bruxismo, vinculado ao ato inconsciente de apertar ou ranger os dentes. [&hellip;]<\/p>\n","protected":false},"author":1,"featured_media":207,"comment_status":"closed","ping_status":"closed","sticky":false,"template":"","format":"standard","meta":{"footnotes":""},"categories":[13],"tags":[],"_links":{"self":[{"href":"https:\/\/www.merionline.com.br\/noticias\/wp-json\/wp\/v2\/posts\/202"}],"collection":[{"href":"https:\/\/www.merionline.com.br\/noticias\/wp-json\/wp\/v2\/posts"}],"about":[{"href":"https:\/\/www.merionline.com.br\/noticias\/wp-json\/wp\/v2\/types\/post"}],"author":[{"embeddable":true,"href":"https:\/\/www.merionline.com.br\/noticias\/wp-json\/wp\/v2\/users\/1"}],"replies":[{"embeddable":true,"href":"https:\/\/www.merionline.com.br\/noticias\/wp-json\/wp\/v2\/comments?post=202"}],"version-history":[{"count":1,"href":"https:\/\/www.merionline.com.br\/noticias\/wp-json\/wp\/v2\/posts\/202\/revisions"}],"predecessor-version":[{"id":208,"href":"https:\/\/www.merionline.com.br\/noticias\/wp-json\/wp\/v2\/posts\/202\/revisions\/208"}],"wp:featuredmedia":[{"embeddable":true,"href":"https:\/\/www.merionline.com.br\/noticias\/wp-json\/wp\/v2\/media\/207"}],"wp:attachment":[{"href":"https:\/\/www.merionline.com.br\/noticias\/wp-json\/wp\/v2\/media?parent=202"}],"wp:term":[{"taxonomy":"category","embeddable":true,"href":"https:\/\/www.merionline.com.br\/noticias\/wp-json\/wp\/v2\/categories?post=202"},{"taxonomy":"post_tag","embeddable":true,"href":"https:\/\/www.merionline.com.br\/noticias\/wp-json\/wp\/v2\/tags?post=202"}],"curies":[{"name":"wp","href":"https:\/\/api.w.org\/{rel}","templated":true}]}}