{"id":215,"date":"2014-02-05T23:37:14","date_gmt":"2014-02-06T01:37:14","guid":{"rendered":"http:\/\/www.merionline.com.br\/noticias\/?p=215"},"modified":"2014-02-05T23:37:14","modified_gmt":"2014-02-06T01:37:14","slug":"itu-adota-racionamento-e-corta-abastecimento-de-agua-apos-as-20h","status":"publish","type":"post","link":"https:\/\/www.merionline.com.br\/noticias\/itu-adota-racionamento-e-corta-abastecimento-de-agua-apos-as-20h\/","title":{"rendered":"Itu adota racionamento e corta abastecimento de \u00e1gua ap\u00f3s as 20h"},"content":{"rendered":"<p>A Prefeitura de Itu (SP) anunciou nesta quarta-feira (5) que a cidade vai passar por um racionamento de \u00e1gua. A partir desta noite, o abastecimento de \u00e1gua ser\u00e1 interrompido \u00e0s 20h e retomado apenas depois das 4h. A medida vale para toda a cidade e s\u00f3 ser\u00e1 abandonada quando voltar a chover e os reservat\u00f3rios voltarem ao n\u00edvel normal.<br \/>\nA cidade nunca viveu um in\u00edcio de ano t\u00e3o seco. Em janeiro, a quantidade de chuva n\u00e3o chegou \u00e0 metade da m\u00e9dia hist\u00f3rica da cidade. Fevereiro tamb\u00e9m come\u00e7ou sem previs\u00e3o de mudan\u00e7a no tempo. A medida foi tomada ap\u00f3s estudo realizado pela concession\u00e1ria \u00c1guas de Itu, porque os seis reservat\u00f3rios da cidade est\u00e3o abaixo do n\u00edvel normal.<\/p>\n<p>O problema da falta de \u00e1gua \u00e9 hist\u00f3rico em Itu e atinge principalmente os moradores dos bairros mais altos, como o Pirapitingui e o Cidade Nova, onde vive cerca de um ter\u00e7o da popula\u00e7\u00e3o da cidade. A moradora Juliana Rogeri, que mora no Cidade Nova, enviou foto por meio do aplicativo Tem Voc\u00ea mostrando a pia da cozinha, cheia de lou\u00e7a acumulada. Segundo ela, s\u00e3o tr\u00eas dias sem nem uma gota sequer de \u00e1gua.<\/p>\n<p>O local era abastecido at\u00e9 a semana passada por uma antiga esta\u00e7\u00e3o da d\u00e9cada de 60, mas uma nova esta\u00e7\u00e3o entrou em funcionamento com maquin\u00e1rios modernos que tratam 120 litros de \u00e1gua por segundo, capacidade 50% maior que a anterior &#8211; mas que, pelo visto, ainda est\u00e1 longe de resolver o problema.<\/p>\n<p><em>*Colaborou Rodrigo Gabrioti, da TV TEM.<\/em><\/p>\n","protected":false},"excerpt":{"rendered":"<p>A Prefeitura de Itu (SP) anunciou nesta quarta-feira (5) que a cidade vai passar por um racionamento de \u00e1gua. A partir desta noite, o abastecimento de \u00e1gua ser\u00e1 interrompido \u00e0s 20h e retomado apenas depois das 4h. A medida vale para toda a cidade e s\u00f3 ser\u00e1 abandonada quando voltar a chover e os reservat\u00f3rios [&hellip;]<\/p>\n","protected":false},"author":1,"featured_media":216,"comment_status":"closed","ping_status":"closed","sticky":false,"template":"","format":"standard","meta":{"footnotes":""},"categories":[4,2],"tags":[],"_links":{"self":[{"href":"https:\/\/www.merionline.com.br\/noticias\/wp-json\/wp\/v2\/posts\/215"}],"collection":[{"href":"https:\/\/www.merionline.com.br\/noticias\/wp-json\/wp\/v2\/posts"}],"about":[{"href":"https:\/\/www.merionline.com.br\/noticias\/wp-json\/wp\/v2\/types\/post"}],"author":[{"embeddable":true,"href":"https:\/\/www.merionline.com.br\/noticias\/wp-json\/wp\/v2\/users\/1"}],"replies":[{"embeddable":true,"href":"https:\/\/www.merionline.com.br\/noticias\/wp-json\/wp\/v2\/comments?post=215"}],"version-history":[{"count":1,"href":"https:\/\/www.merionline.com.br\/noticias\/wp-json\/wp\/v2\/posts\/215\/revisions"}],"predecessor-version":[{"id":217,"href":"https:\/\/www.merionline.com.br\/noticias\/wp-json\/wp\/v2\/posts\/215\/revisions\/217"}],"wp:featuredmedia":[{"embeddable":true,"href":"https:\/\/www.merionline.com.br\/noticias\/wp-json\/wp\/v2\/media\/216"}],"wp:attachment":[{"href":"https:\/\/www.merionline.com.br\/noticias\/wp-json\/wp\/v2\/media?parent=215"}],"wp:term":[{"taxonomy":"category","embeddable":true,"href":"https:\/\/www.merionline.com.br\/noticias\/wp-json\/wp\/v2\/categories?post=215"},{"taxonomy":"post_tag","embeddable":true,"href":"https:\/\/www.merionline.com.br\/noticias\/wp-json\/wp\/v2\/tags?post=215"}],"curies":[{"name":"wp","href":"https:\/\/api.w.org\/{rel}","templated":true}]}}