{"id":224,"date":"2014-02-06T10:40:07","date_gmt":"2014-02-06T12:40:07","guid":{"rendered":"http:\/\/www.merionline.com.br\/noticias\/?p=224"},"modified":"2014-02-06T10:42:11","modified_gmt":"2014-02-06T12:42:11","slug":"claudio-tonelotti-sugere-coleta-de-lixo-diaria-em-meridiano","status":"publish","type":"post","link":"https:\/\/www.merionline.com.br\/noticias\/claudio-tonelotti-sugere-coleta-de-lixo-diaria-em-meridiano\/","title":{"rendered":"Claudio Tonelotti sugere coleta de lixo di\u00e1ria em Meridiano"},"content":{"rendered":"<p>Vereador Claudio Tonelotti quer que Prefeitura implante coleta de lixo di\u00e1ria<\/p>\n<p><i>Sugest\u00e3o foi apresentada durante sess\u00e3o da C\u00e2mara da \u00faltima segunda-feira<\/i><i>\u00a0<\/i><\/p>\n<p>Uma das proposi\u00e7\u00f5es discutidas na Reuni\u00e3o Ordin\u00e1ria da \u00faltima segunda-feira, dia 03, na C\u00e2mara de Vereadores de Meridiano sugere ao prefeito municipal que implante no munic\u00edpio a coleta de lixo di\u00e1ria.<\/p>\n<p>De acordo com o autor da Indica\u00e7\u00e3o, Claudio Tonelotti (PDT), o volume do lixo vem aumentando em Meridiano em virtude da expans\u00e3o de resid\u00eancias. Ainda segundo suas palavras, durante o uso da tribuna, o vereador destacou que atualmente a coleta de lixo \u00e9 de boa qualidade, por\u00e9m, em sua opini\u00e3o precisa voltar a ser di\u00e1ria e setorizada, sem \u201csacrificar\u201d os funcion\u00e1rios em rela\u00e7\u00e3o ao hor\u00e1rio da coleta, prevista para a madrugada.<\/p>\n<p>Em entrevista ao portal <i>Merionline<\/i>, o fiscal da Prefeitura, Milton Cintra, destacou que os pr\u00f3prios funcion\u00e1rios escolheram come\u00e7ar ainda de madrugada a coleta e ningu\u00e9m acha a ideia \u201cdesagrad\u00e1vel\u201d. Ainda de acordo com Milton, os funcion\u00e1rios at\u00e9 preferem o referido hor\u00e1rio em raz\u00e3o do calor e tamb\u00e9m por causa das horas extas. \u201cO hor\u00e1rio est\u00e1 sendo estudado para mudar para a noite, mas volto a frisar, em momento algum teve funcion\u00e1rio deste setor que reclamou\u201d, finalizou o fiscal.<\/p>\n<p>Vale lembrar que Meridiano possui uma popula\u00e7\u00e3o de pouco mais de 3 mil habitantes e a coleta realizada atualmente tem sido suficiente para n\u00e3o haver acumulo de lixo nas ruas ou em cal\u00e7adas das resid\u00eancias. Como o pr\u00f3prio vereador frisou durante seu discurso a coleta \u00e9 de boa qualidade.<\/p>\n<p>A sess\u00e3o foi transmitida ao vivo pela internet e a referida indica\u00e7\u00e3o gerou desconforto em alguns mun\u00edcipes nas redes sociais, que entenderam a n\u00e3o necessidade de realizar uma coleta di\u00e1ria em Meridiano, uma vez que aumentaria os gastos municipais e tal investimento poderia ser transferido para outra \u00e1rea do munic\u00edpio.<\/p>\n<p>Mesmo assim, a indica\u00e7\u00e3o vai para as m\u00e3os do prefeito Aristeu Baldin e mediante a pesquisas e levantamentos, ser\u00e1 avaliada se realmente h\u00e1 necessidade de tal feito no munic\u00edpio.<\/p>\n<p><iframe loading=\"lazy\" width=\"640\" height=\"360\" src=\"\/\/www.youtube.com\/embed\/sk2-1s_hIU4?rel=0\" frameborder=\"0\" allowfullscreen><\/iframe><\/p>\n","protected":false},"excerpt":{"rendered":"<p>Vereador Claudio Tonelotti quer que Prefeitura implante coleta de lixo di\u00e1ria Sugest\u00e3o foi apresentada durante sess\u00e3o da C\u00e2mara da \u00faltima segunda-feira\u00a0 Uma das proposi\u00e7\u00f5es discutidas na Reuni\u00e3o Ordin\u00e1ria da \u00faltima segunda-feira, dia 03, na C\u00e2mara de Vereadores de Meridiano sugere ao prefeito municipal que implante no munic\u00edpio a coleta de lixo di\u00e1ria. De acordo com [&hellip;]<\/p>\n","protected":false},"author":1,"featured_media":225,"comment_status":"open","ping_status":"open","sticky":false,"template":"","format":"standard","meta":{"footnotes":""},"categories":[6,5],"tags":[],"_links":{"self":[{"href":"https:\/\/www.merionline.com.br\/noticias\/wp-json\/wp\/v2\/posts\/224"}],"collection":[{"href":"https:\/\/www.merionline.com.br\/noticias\/wp-json\/wp\/v2\/posts"}],"about":[{"href":"https:\/\/www.merionline.com.br\/noticias\/wp-json\/wp\/v2\/types\/post"}],"author":[{"embeddable":true,"href":"https:\/\/www.merionline.com.br\/noticias\/wp-json\/wp\/v2\/users\/1"}],"replies":[{"embeddable":true,"href":"https:\/\/www.merionline.com.br\/noticias\/wp-json\/wp\/v2\/comments?post=224"}],"version-history":[{"count":2,"href":"https:\/\/www.merionline.com.br\/noticias\/wp-json\/wp\/v2\/posts\/224\/revisions"}],"predecessor-version":[{"id":227,"href":"https:\/\/www.merionline.com.br\/noticias\/wp-json\/wp\/v2\/posts\/224\/revisions\/227"}],"wp:featuredmedia":[{"embeddable":true,"href":"https:\/\/www.merionline.com.br\/noticias\/wp-json\/wp\/v2\/media\/225"}],"wp:attachment":[{"href":"https:\/\/www.merionline.com.br\/noticias\/wp-json\/wp\/v2\/media?parent=224"}],"wp:term":[{"taxonomy":"category","embeddable":true,"href":"https:\/\/www.merionline.com.br\/noticias\/wp-json\/wp\/v2\/categories?post=224"},{"taxonomy":"post_tag","embeddable":true,"href":"https:\/\/www.merionline.com.br\/noticias\/wp-json\/wp\/v2\/tags?post=224"}],"curies":[{"name":"wp","href":"https:\/\/api.w.org\/{rel}","templated":true}]}}