{"id":228,"date":"2014-02-10T21:48:01","date_gmt":"2014-02-10T23:48:01","guid":{"rendered":"http:\/\/www.merionline.com.br\/noticias\/?p=228"},"modified":"2014-02-10T21:48:59","modified_gmt":"2014-02-10T23:48:59","slug":"fundo-social-distribui-roupas-arrecadadas-em-campanha","status":"publish","type":"post","link":"https:\/\/www.merionline.com.br\/noticias\/fundo-social-distribui-roupas-arrecadadas-em-campanha\/","title":{"rendered":"Fundo Social distribui roupas arrecadadas em campanha"},"content":{"rendered":"<p><i>Inten\u00e7\u00e3o foi acolher e amenizar o rigor do inverno que causa desconforto, especialmente aos mais carentes<\/i><\/p>\n<p>A Prefeitura de Meridiano, por meio do Fundo Social de Solidariedade distribuiu, nesta segunda-feira, dia 10, cobertores e roupas arrecadadas durante recente campanha realizada no munic\u00edpio. A distribui\u00e7\u00e3o aconteceu na sede do CRAS (Centro de Refer\u00eancia e Assist\u00eancia Social) e contou com a participa\u00e7\u00e3o de centenas de pessoas.<\/p>\n<p>De acordo com o setor social, parte das roupas foi adquirida junto ao Fundo Estadual de Solidariedade Social, uma vez que a atual administra\u00e7\u00e3o municipal goza de prest\u00edgio com o Governo do Estado de S\u00e3o Paulo.<\/p>\n<p>Foram doadas pe\u00e7as de moletom, blusas de inverno, cal\u00e7a jeans, mantas, edredom e agasalhos. A equipe do Fundo Social agradece aos empres\u00e1rios, comerciantes, aut\u00f4nomos, mun\u00edcipes e a todos que direta e indiretamente contribu\u00edram para o sucesso da campanha.<\/p>\n<p>O objetivo, segundo o Fundo Social, foi acolher e amenizar o rigor do inverno que causa desconforto, especialmente aqueles que mais necessitam.<\/p>\n","protected":false},"excerpt":{"rendered":"<p>Inten\u00e7\u00e3o foi acolher e amenizar o rigor do inverno que causa desconforto, especialmente aos mais carentes A Prefeitura de Meridiano, por meio do Fundo Social de Solidariedade distribuiu, nesta segunda-feira, dia 10, cobertores e roupas arrecadadas durante recente campanha realizada no munic\u00edpio. A distribui\u00e7\u00e3o aconteceu na sede do CRAS (Centro de Refer\u00eancia e Assist\u00eancia Social) [&hellip;]<\/p>\n","protected":false},"author":1,"featured_media":229,"comment_status":"closed","ping_status":"closed","sticky":false,"template":"","format":"standard","meta":{"footnotes":""},"categories":[3],"tags":[],"_links":{"self":[{"href":"https:\/\/www.merionline.com.br\/noticias\/wp-json\/wp\/v2\/posts\/228"}],"collection":[{"href":"https:\/\/www.merionline.com.br\/noticias\/wp-json\/wp\/v2\/posts"}],"about":[{"href":"https:\/\/www.merionline.com.br\/noticias\/wp-json\/wp\/v2\/types\/post"}],"author":[{"embeddable":true,"href":"https:\/\/www.merionline.com.br\/noticias\/wp-json\/wp\/v2\/users\/1"}],"replies":[{"embeddable":true,"href":"https:\/\/www.merionline.com.br\/noticias\/wp-json\/wp\/v2\/comments?post=228"}],"version-history":[{"count":1,"href":"https:\/\/www.merionline.com.br\/noticias\/wp-json\/wp\/v2\/posts\/228\/revisions"}],"predecessor-version":[{"id":230,"href":"https:\/\/www.merionline.com.br\/noticias\/wp-json\/wp\/v2\/posts\/228\/revisions\/230"}],"wp:featuredmedia":[{"embeddable":true,"href":"https:\/\/www.merionline.com.br\/noticias\/wp-json\/wp\/v2\/media\/229"}],"wp:attachment":[{"href":"https:\/\/www.merionline.com.br\/noticias\/wp-json\/wp\/v2\/media?parent=228"}],"wp:term":[{"taxonomy":"category","embeddable":true,"href":"https:\/\/www.merionline.com.br\/noticias\/wp-json\/wp\/v2\/categories?post=228"},{"taxonomy":"post_tag","embeddable":true,"href":"https:\/\/www.merionline.com.br\/noticias\/wp-json\/wp\/v2\/tags?post=228"}],"curies":[{"name":"wp","href":"https:\/\/api.w.org\/{rel}","templated":true}]}}