{"id":239,"date":"2014-03-27T11:16:39","date_gmt":"2014-03-27T13:16:39","guid":{"rendered":"http:\/\/www.merionline.com.br\/noticias\/?p=239"},"modified":"2014-03-27T13:07:27","modified_gmt":"2014-03-27T15:07:27","slug":"aristeu-conquista-motoniveladora-e-caminhao-basculante-para-meridiano","status":"publish","type":"post","link":"https:\/\/www.merionline.com.br\/noticias\/aristeu-conquista-motoniveladora-e-caminhao-basculante-para-meridiano\/","title":{"rendered":"Aristeu conquista motoniveladora e caminh\u00e3o basculante para Meridiano"},"content":{"rendered":"<p><i>Equipamentos j\u00e1 est\u00e3o dispon\u00edveis para a Administra\u00e7\u00e3o Municipal<\/i><i>\u00a0<\/i><\/p>\n<p>O prefeito de Meridiano, Aristeu Baldin, esteve na \u00faltima ter\u00e7a-feira, dia 25, em Ara\u00e7atuba, onde assinou dois termos de doa\u00e7\u00f5es. O primeiro foi em alus\u00e3o a uma motoniveladora com chassi articulado, marca New Holland, com pot\u00eancia de 140 hp, com ar condicionado, no valor de R$ 453 mil. O segundo foi referente a um caminh\u00e3o basculante, 6&#215;4 trucado e tra\u00e7ado, marca International, tamb\u00e9m com ar condicionado e dire\u00e7\u00e3o hidr\u00e1ulica, com ca\u00e7amba de 12 m\u00b3, no valor de R$ 230 mil.<\/p>\n<p><a href=\"https:\/\/www.merionline.com.br\/noticias\/wp-content\/uploads\/2014\/03\/DSC01522.jpg\"><img loading=\"lazy\" decoding=\"async\" class=\"size-medium wp-image-241 alignright\" alt=\"DSC01522\" src=\"https:\/\/www.merionline.com.br\/noticias\/wp-content\/uploads\/2014\/03\/DSC01522-300x205.jpg\" width=\"300\" height=\"205\" srcset=\"https:\/\/www.merionline.com.br\/noticias\/wp-content\/uploads\/2014\/03\/DSC01522-300x205.jpg 300w, https:\/\/www.merionline.com.br\/noticias\/wp-content\/uploads\/2014\/03\/DSC01522.jpg 700w\" sizes=\"(max-width: 300px) 100vw, 300px\" \/><\/a><\/p>\n<p>De acordo com o prefeito, os equipamentos j\u00e1 chegaram e est\u00e3o dispon\u00edveis para a administra\u00e7\u00e3o municipal. Durante a assinatura das doa\u00e7\u00f5es, Jean Tonelote, presidente do diret\u00f3rio do PT local, acompanhava Aristeu e vibrou junto com o gestor a respeito das novas conquistas para o munic\u00edpio.<\/p>\n<p>Vale lembrar que com a entrega de tais equipamentos, o Governo, na esfera federal, cumpriu a promessa do ano passado, de conceder um kit contendo uma retro-escavadeira, que j\u00e1 foi entregue em 2013 e agora mais estes dois equipamentos.<\/p>\n<p>\u201cNosso munic\u00edpio conta com uma das frotas mais atualizadas e novas da regi\u00e3o\u201d, destacou Aristeu.<\/p>\n","protected":false},"excerpt":{"rendered":"<p>Equipamentos j\u00e1 est\u00e3o dispon\u00edveis para a Administra\u00e7\u00e3o Municipal\u00a0 O prefeito de Meridiano, Aristeu Baldin, esteve na \u00faltima ter\u00e7a-feira, dia 25, em Ara\u00e7atuba, onde assinou dois termos de doa\u00e7\u00f5es. O primeiro foi em alus\u00e3o a uma motoniveladora com chassi articulado, marca New Holland, com pot\u00eancia de 140 hp, com ar condicionado, no valor de R$ 453 [&hellip;]<\/p>\n","protected":false},"author":1,"featured_media":240,"comment_status":"open","ping_status":"open","sticky":false,"template":"","format":"standard","meta":{"footnotes":""},"categories":[3],"tags":[],"_links":{"self":[{"href":"https:\/\/www.merionline.com.br\/noticias\/wp-json\/wp\/v2\/posts\/239"}],"collection":[{"href":"https:\/\/www.merionline.com.br\/noticias\/wp-json\/wp\/v2\/posts"}],"about":[{"href":"https:\/\/www.merionline.com.br\/noticias\/wp-json\/wp\/v2\/types\/post"}],"author":[{"embeddable":true,"href":"https:\/\/www.merionline.com.br\/noticias\/wp-json\/wp\/v2\/users\/1"}],"replies":[{"embeddable":true,"href":"https:\/\/www.merionline.com.br\/noticias\/wp-json\/wp\/v2\/comments?post=239"}],"version-history":[{"count":1,"href":"https:\/\/www.merionline.com.br\/noticias\/wp-json\/wp\/v2\/posts\/239\/revisions"}],"predecessor-version":[{"id":242,"href":"https:\/\/www.merionline.com.br\/noticias\/wp-json\/wp\/v2\/posts\/239\/revisions\/242"}],"wp:featuredmedia":[{"embeddable":true,"href":"https:\/\/www.merionline.com.br\/noticias\/wp-json\/wp\/v2\/media\/240"}],"wp:attachment":[{"href":"https:\/\/www.merionline.com.br\/noticias\/wp-json\/wp\/v2\/media?parent=239"}],"wp:term":[{"taxonomy":"category","embeddable":true,"href":"https:\/\/www.merionline.com.br\/noticias\/wp-json\/wp\/v2\/categories?post=239"},{"taxonomy":"post_tag","embeddable":true,"href":"https:\/\/www.merionline.com.br\/noticias\/wp-json\/wp\/v2\/tags?post=239"}],"curies":[{"name":"wp","href":"https:\/\/api.w.org\/{rel}","templated":true}]}}