{"id":243,"date":"2014-03-28T11:12:27","date_gmt":"2014-03-28T13:12:27","guid":{"rendered":"http:\/\/www.merionline.com.br\/noticias\/?p=243"},"modified":"2014-03-28T11:12:27","modified_gmt":"2014-03-28T13:12:27","slug":"festividades-agitam-o-mes-de-marco-em-meridiano","status":"publish","type":"post","link":"https:\/\/www.merionline.com.br\/noticias\/festividades-agitam-o-mes-de-marco-em-meridiano\/","title":{"rendered":"Festividades agitam o m\u00eas de mar\u00e7o em Meridiano"},"content":{"rendered":"<p><i>Munic\u00edpio completou 55 anos no \u00faltimo dia 19; diversas atra\u00e7\u00f5es foram organizadas pela atual Administra\u00e7\u00e3o Municipal<\/i><i>\u00a0<\/i><\/p>\n<p>No come\u00e7o de mar\u00e7o, a Prefeitura de Meridiano, em parceria com a C\u00e2mara Municipal, deu in\u00edcio \u00e0 programa\u00e7\u00e3o art\u00edstica e cultural em comemora\u00e7\u00e3o ao 55\u00ba anivers\u00e1rio da cidade. <i><\/i><\/p>\n<p>A programa\u00e7\u00e3o come\u00e7ou na Pra\u00e7a da Matriz, no dia 09, com a realiza\u00e7\u00e3o dos shows de Raul Seixas Cover e das duplas sertanejas Beto &amp; Cesar e Z\u00e9 do Ouro &amp; Prateado. A referida pra\u00e7a recebeu um bom n\u00famero de pessoas, que puderam apreciar gratuitamente os artistas. O evento deixou o ambiente bem familiar e fomentou o com\u00e9rcio nos arredores.<\/p>\n<p>No dia 16, houve o 1\u00ba Encontro de Carros Antigos. O evento foi realizado defronte \u00e0 rodovi\u00e1ria. A programa\u00e7\u00e3o seguiu nos dias 18 e 19 com as apresenta\u00e7\u00f5es da banda Fruto Proibido e do DJ Renan. No dia 21, a anima\u00e7\u00e3o ficou por conta de Fausto &amp; Martin. Os respectivos shows foram realizados defronte \u00e0 rodovi\u00e1ria e contaram com a presen\u00e7a de um grande p\u00fablico.<\/p>\n<p>No dia 22, o grupo Palha\u00e7os de Plant\u00e3o se apresentou na Pra\u00e7a da Matriz. Na oportunidade, houve brinquedos para as crian\u00e7as. O evento tamb\u00e9m contou com o prestigio da popula\u00e7\u00e3o que compareceu em grande n\u00famero. No dia 23, a Orquestra de Viola se apresentou defronte \u00e0 rodovi\u00e1ria e contagiou os apaixonados pela m\u00fasica sertaneja de raiz.<\/p>\n<p><b>Encerramento <\/b><\/p>\n<p>O encerramento das festividades ser\u00e1 no dia 30 com a apresenta\u00e7\u00e3o da equipe Thor Paramotor. O evento ser\u00e1 durante o dia todo no est\u00e1dio municipal.<\/p>\n<p>A inten\u00e7\u00e3o da Administra\u00e7\u00e3o Aristeu Baldin foi realizar um m\u00eas de festividades de forma democr\u00e1tica para todos os p\u00fablicos, idades e gostos.<\/p>\n","protected":false},"excerpt":{"rendered":"<p>Munic\u00edpio completou 55 anos no \u00faltimo dia 19; diversas atra\u00e7\u00f5es foram organizadas pela atual Administra\u00e7\u00e3o Municipal\u00a0 No come\u00e7o de mar\u00e7o, a Prefeitura de Meridiano, em parceria com a C\u00e2mara Municipal, deu in\u00edcio \u00e0 programa\u00e7\u00e3o art\u00edstica e cultural em comemora\u00e7\u00e3o ao 55\u00ba anivers\u00e1rio da cidade. A programa\u00e7\u00e3o come\u00e7ou na Pra\u00e7a da Matriz, no dia 09, com [&hellip;]<\/p>\n","protected":false},"author":1,"featured_media":172,"comment_status":"open","ping_status":"open","sticky":false,"template":"","format":"standard","meta":{"footnotes":""},"categories":[6],"tags":[],"_links":{"self":[{"href":"https:\/\/www.merionline.com.br\/noticias\/wp-json\/wp\/v2\/posts\/243"}],"collection":[{"href":"https:\/\/www.merionline.com.br\/noticias\/wp-json\/wp\/v2\/posts"}],"about":[{"href":"https:\/\/www.merionline.com.br\/noticias\/wp-json\/wp\/v2\/types\/post"}],"author":[{"embeddable":true,"href":"https:\/\/www.merionline.com.br\/noticias\/wp-json\/wp\/v2\/users\/1"}],"replies":[{"embeddable":true,"href":"https:\/\/www.merionline.com.br\/noticias\/wp-json\/wp\/v2\/comments?post=243"}],"version-history":[{"count":1,"href":"https:\/\/www.merionline.com.br\/noticias\/wp-json\/wp\/v2\/posts\/243\/revisions"}],"predecessor-version":[{"id":244,"href":"https:\/\/www.merionline.com.br\/noticias\/wp-json\/wp\/v2\/posts\/243\/revisions\/244"}],"wp:featuredmedia":[{"embeddable":true,"href":"https:\/\/www.merionline.com.br\/noticias\/wp-json\/wp\/v2\/media\/172"}],"wp:attachment":[{"href":"https:\/\/www.merionline.com.br\/noticias\/wp-json\/wp\/v2\/media?parent=243"}],"wp:term":[{"taxonomy":"category","embeddable":true,"href":"https:\/\/www.merionline.com.br\/noticias\/wp-json\/wp\/v2\/categories?post=243"},{"taxonomy":"post_tag","embeddable":true,"href":"https:\/\/www.merionline.com.br\/noticias\/wp-json\/wp\/v2\/tags?post=243"}],"curies":[{"name":"wp","href":"https:\/\/api.w.org\/{rel}","templated":true}]}}