{"id":246,"date":"2014-06-02T01:00:22","date_gmt":"2014-06-02T03:00:22","guid":{"rendered":"http:\/\/www.merionline.com.br\/noticias\/?p=246"},"modified":"2014-06-02T01:05:56","modified_gmt":"2014-06-02T03:05:56","slug":"festanca-no-arraia-de-meridiano-sera-no-dia-7-de-junho-na-praca-da-matriz","status":"publish","type":"post","link":"https:\/\/www.merionline.com.br\/noticias\/festanca-no-arraia-de-meridiano-sera-no-dia-7-de-junho-na-praca-da-matriz\/","title":{"rendered":"Festan\u00e7a no Arrai\u00e1 de Meridiano\u201d ser\u00e1 no dia 7 de junho na Pra\u00e7a da Matriz"},"content":{"rendered":"<p><i>Evento caipira ter\u00e1 diversas comidas t\u00edpicas, como pipoca, amendoim, biscoito, quent\u00e3o (sem \u00e1lcool), al\u00e9m de brincadeiras<\/i><i>\u00a0\u00a0<\/i><\/p>\n<p>No dia 7 de junho, s\u00e1bado, a Prefeitura de Meridiano, com o apoio da C\u00e2mara Municipal, realiza o S\u00e3o Jo\u00e3o 2014 do munic\u00edpio, intitulado como \u201dFestan\u00e7a no Arrai\u00e1 de Meridiano\u201d, cujo evento ser\u00e1 marcado pela participa\u00e7\u00e3o popular, presen\u00e7a de autoridades pol\u00edticas e a apresenta\u00e7\u00e3o da banda de forr\u00f3 Hawai.<\/p>\n<p>Muita anima\u00e7\u00e3o e uma variedade de barracas com comidas t\u00edpicas poder\u00e3o ser admiradas e degustadas por quem comparecer \u00e0 Pra\u00e7a da Matriz.<\/p>\n<p>O prefeito Aristeu Baldin comentou o arrai\u00e1 2014 e refor\u00e7ou o convite \u00e0 popula\u00e7\u00e3o para prestigiar o evento. \u201c<em>O arrai\u00e1 S\u00e3o Jo\u00e3o estar\u00e1 muito animado e contar\u00e1 com um espa\u00e7o bem decorado em frente ao Prosc\u00eanio da Matriz. Sintam-se todos convidados a virem festejar conosco\u201d, destacou.\u00a0<\/em><i><\/i><\/p>\n","protected":false},"excerpt":{"rendered":"<p>Evento caipira ter\u00e1 diversas comidas t\u00edpicas, como pipoca, amendoim, biscoito, quent\u00e3o (sem \u00e1lcool), al\u00e9m de brincadeiras\u00a0\u00a0 No dia 7 de junho, s\u00e1bado, a Prefeitura de Meridiano, com o apoio da C\u00e2mara Municipal, realiza o S\u00e3o Jo\u00e3o 2014 do munic\u00edpio, intitulado como \u201dFestan\u00e7a no Arrai\u00e1 de Meridiano\u201d, cujo evento ser\u00e1 marcado pela participa\u00e7\u00e3o popular, presen\u00e7a de [&hellip;]<\/p>\n","protected":false},"author":1,"featured_media":249,"comment_status":"closed","ping_status":"closed","sticky":false,"template":"","format":"standard","meta":{"footnotes":""},"categories":[3],"tags":[],"_links":{"self":[{"href":"https:\/\/www.merionline.com.br\/noticias\/wp-json\/wp\/v2\/posts\/246"}],"collection":[{"href":"https:\/\/www.merionline.com.br\/noticias\/wp-json\/wp\/v2\/posts"}],"about":[{"href":"https:\/\/www.merionline.com.br\/noticias\/wp-json\/wp\/v2\/types\/post"}],"author":[{"embeddable":true,"href":"https:\/\/www.merionline.com.br\/noticias\/wp-json\/wp\/v2\/users\/1"}],"replies":[{"embeddable":true,"href":"https:\/\/www.merionline.com.br\/noticias\/wp-json\/wp\/v2\/comments?post=246"}],"version-history":[{"count":1,"href":"https:\/\/www.merionline.com.br\/noticias\/wp-json\/wp\/v2\/posts\/246\/revisions"}],"predecessor-version":[{"id":248,"href":"https:\/\/www.merionline.com.br\/noticias\/wp-json\/wp\/v2\/posts\/246\/revisions\/248"}],"wp:featuredmedia":[{"embeddable":true,"href":"https:\/\/www.merionline.com.br\/noticias\/wp-json\/wp\/v2\/media\/249"}],"wp:attachment":[{"href":"https:\/\/www.merionline.com.br\/noticias\/wp-json\/wp\/v2\/media?parent=246"}],"wp:term":[{"taxonomy":"category","embeddable":true,"href":"https:\/\/www.merionline.com.br\/noticias\/wp-json\/wp\/v2\/categories?post=246"},{"taxonomy":"post_tag","embeddable":true,"href":"https:\/\/www.merionline.com.br\/noticias\/wp-json\/wp\/v2\/tags?post=246"}],"curies":[{"name":"wp","href":"https:\/\/api.w.org\/{rel}","templated":true}]}}