{"id":250,"date":"2014-06-02T01:11:40","date_gmt":"2014-06-02T03:11:40","guid":{"rendered":"http:\/\/www.merionline.com.br\/noticias\/?p=250"},"modified":"2014-06-02T01:13:53","modified_gmt":"2014-06-02T03:13:53","slug":"prefeito-aristeu-baldin-participa-da-marcha-a-brasilia","status":"publish","type":"post","link":"https:\/\/www.merionline.com.br\/noticias\/prefeito-aristeu-baldin-participa-da-marcha-a-brasilia\/","title":{"rendered":"Prefeito Aristeu Baldin participa da marcha a Bras\u00edlia"},"content":{"rendered":"<p><i>Gestor aproveitou sua estadia na Capital Federal para visitar diversos deputados, objetivando reivindicar benef\u00edcios a Meridiano<\/i><\/p>\n<p>Recentemente, o prefeito Aristeu Baldin participou da marcha a Bras\u00edlia juntamente com 4 mil \u00a0prefeitos de todo o Brasil, objetivando reivindicar o aumento de 2% no repasse do Fundo de Participa\u00e7\u00e3o dos Munic\u00edpios.<\/p>\n<p>De acordo com Aristeu, tal medida est\u00e1 sendo necess\u00e1ria, \u201ctendo em vista a substancial queda de arrecada\u00e7\u00e3o dos munic\u00edpios, especialmente em fun\u00e7\u00e3o de algumas a\u00e7\u00f5es levadas \u00e0 efeito pelo governo federal, para aquecimento da economia, especialmente com desonera\u00e7\u00e3o de impostos, que reflete diretamente no valor a ser repassado aos munic\u00edpios\u201d.<\/p>\n[nggallery id=2]\n<p>Na oportunidade, o prefeito aproveitou para visitar v\u00e1rios gabinetes de deputados e senadores, sendo que junto ao deputado Tiririca, acompanhou o andamento do processo onde o parlamentar destinou uma emenda de R$ 150 mil para a agricultura. No ano passado, j\u00e1 havia sido concedida uma emenda, mas n\u00e3o foi empenhada pelo Minist\u00e9rio.<\/p>\n<p>Aristeu ainda aproveitou sua estadia em Bras\u00edlia para visitar o senador por S\u00e3o Paulo, Antonio Carlos Rodrigues, estreitando os la\u00e7os e reivindicando benef\u00edcios para Meridiano.<\/p>\n","protected":false},"excerpt":{"rendered":"<p>Gestor aproveitou sua estadia na Capital Federal para visitar diversos deputados, objetivando reivindicar benef\u00edcios a Meridiano Recentemente, o prefeito Aristeu Baldin participou da marcha a Bras\u00edlia juntamente com 4 mil \u00a0prefeitos de todo o Brasil, objetivando reivindicar o aumento de 2% no repasse do Fundo de Participa\u00e7\u00e3o dos Munic\u00edpios. De acordo com Aristeu, tal medida [&hellip;]<\/p>\n","protected":false},"author":1,"featured_media":251,"comment_status":"open","ping_status":"open","sticky":false,"template":"","format":"standard","meta":{"footnotes":""},"categories":[6,5],"tags":[],"_links":{"self":[{"href":"https:\/\/www.merionline.com.br\/noticias\/wp-json\/wp\/v2\/posts\/250"}],"collection":[{"href":"https:\/\/www.merionline.com.br\/noticias\/wp-json\/wp\/v2\/posts"}],"about":[{"href":"https:\/\/www.merionline.com.br\/noticias\/wp-json\/wp\/v2\/types\/post"}],"author":[{"embeddable":true,"href":"https:\/\/www.merionline.com.br\/noticias\/wp-json\/wp\/v2\/users\/1"}],"replies":[{"embeddable":true,"href":"https:\/\/www.merionline.com.br\/noticias\/wp-json\/wp\/v2\/comments?post=250"}],"version-history":[{"count":1,"href":"https:\/\/www.merionline.com.br\/noticias\/wp-json\/wp\/v2\/posts\/250\/revisions"}],"predecessor-version":[{"id":252,"href":"https:\/\/www.merionline.com.br\/noticias\/wp-json\/wp\/v2\/posts\/250\/revisions\/252"}],"wp:featuredmedia":[{"embeddable":true,"href":"https:\/\/www.merionline.com.br\/noticias\/wp-json\/wp\/v2\/media\/251"}],"wp:attachment":[{"href":"https:\/\/www.merionline.com.br\/noticias\/wp-json\/wp\/v2\/media?parent=250"}],"wp:term":[{"taxonomy":"category","embeddable":true,"href":"https:\/\/www.merionline.com.br\/noticias\/wp-json\/wp\/v2\/categories?post=250"},{"taxonomy":"post_tag","embeddable":true,"href":"https:\/\/www.merionline.com.br\/noticias\/wp-json\/wp\/v2\/tags?post=250"}],"curies":[{"name":"wp","href":"https:\/\/api.w.org\/{rel}","templated":true}]}}