{"id":256,"date":"2014-06-06T02:51:37","date_gmt":"2014-06-06T04:51:37","guid":{"rendered":"http:\/\/www.merionline.com.br\/noticias\/?p=256"},"modified":"2014-06-06T02:52:01","modified_gmt":"2014-06-06T04:52:01","slug":"256","status":"publish","type":"post","link":"https:\/\/www.merionline.com.br\/noticias\/256\/","title":{"rendered":"De uma s\u00f3 vez, Aristeu conquista 4 micro-\u00f4nibus para Meridiano"},"content":{"rendered":"<p><i>Gestor recebeu as chaves das m\u00e3os do governador Geraldo Alckmin durante solenidade em Votuporanga<\/i><\/p>\n<p>O prefeito de Meridiano, Aristeu Baldin, participou na segunda-feira, 2, das solenidades de inaugura\u00e7\u00e3o da duplica\u00e7\u00e3o e moderniza\u00e7\u00e3o da rodovia Euclides da Cunha, em Votuporanga, com a presen\u00e7a do governador Geraldo Alckmin, que se fez acompanhar do ex-governador Jos\u00e9 Serra, do secret\u00e1rio da Educa\u00e7\u00e3o, diversos deputados, entre eles o estadual Carl\u00e3o Pignatari. Ainda se encontravam no evento prefeitos, ex-prefeitos, vereadores, presidentes de c\u00e2maras\u00a0de toda a regi\u00e3o e autoridades dos diversos \u00f3rg\u00e3os p\u00fablicos.<\/p>\n<p>Na ocasi\u00e3o, o prefeito Aristeu recebeu das m\u00e3os do governador as chaves de quatro micro-\u00f4nibus, zero quil\u00f4metro, com 15 lugares cada, al\u00e9m de plataforma para cadeirante em\u00a0todos eles.<\/p>\n<p>De acordo com a administra\u00e7\u00e3o municipal, os referidos ve\u00edculos ser\u00e3o utilizados no transporte dos alunos da zona rural de Meridiano.<\/p>\n<p>\u201cCom mais esta conquista, a frota do munic\u00edpio est\u00e1 completamente nova, pois foram v\u00e1rios ve\u00edculos e m\u00e1quinas adquiridas desde o in\u00edcio da nossa administra\u00e7\u00e3o, permitindo conforto, seguran\u00e7a e comodidade \u00e0s nossas crian\u00e7as e adolescentes, que ser\u00e3o beneficiados por estes equipamentos\u201d, destacou Aristeu.<\/p>\n","protected":false},"excerpt":{"rendered":"<p>Gestor recebeu as chaves das m\u00e3os do governador Geraldo Alckmin durante solenidade em Votuporanga O prefeito de Meridiano, Aristeu Baldin, participou na segunda-feira, 2, das solenidades de inaugura\u00e7\u00e3o da duplica\u00e7\u00e3o e moderniza\u00e7\u00e3o da rodovia Euclides da Cunha, em Votuporanga, com a presen\u00e7a do governador Geraldo Alckmin, que se fez acompanhar do ex-governador Jos\u00e9 Serra, do [&hellip;]<\/p>\n","protected":false},"author":1,"featured_media":257,"comment_status":"open","ping_status":"open","sticky":false,"template":"","format":"standard","meta":{"footnotes":""},"categories":[6],"tags":[],"_links":{"self":[{"href":"https:\/\/www.merionline.com.br\/noticias\/wp-json\/wp\/v2\/posts\/256"}],"collection":[{"href":"https:\/\/www.merionline.com.br\/noticias\/wp-json\/wp\/v2\/posts"}],"about":[{"href":"https:\/\/www.merionline.com.br\/noticias\/wp-json\/wp\/v2\/types\/post"}],"author":[{"embeddable":true,"href":"https:\/\/www.merionline.com.br\/noticias\/wp-json\/wp\/v2\/users\/1"}],"replies":[{"embeddable":true,"href":"https:\/\/www.merionline.com.br\/noticias\/wp-json\/wp\/v2\/comments?post=256"}],"version-history":[{"count":2,"href":"https:\/\/www.merionline.com.br\/noticias\/wp-json\/wp\/v2\/posts\/256\/revisions"}],"predecessor-version":[{"id":259,"href":"https:\/\/www.merionline.com.br\/noticias\/wp-json\/wp\/v2\/posts\/256\/revisions\/259"}],"wp:featuredmedia":[{"embeddable":true,"href":"https:\/\/www.merionline.com.br\/noticias\/wp-json\/wp\/v2\/media\/257"}],"wp:attachment":[{"href":"https:\/\/www.merionline.com.br\/noticias\/wp-json\/wp\/v2\/media?parent=256"}],"wp:term":[{"taxonomy":"category","embeddable":true,"href":"https:\/\/www.merionline.com.br\/noticias\/wp-json\/wp\/v2\/categories?post=256"},{"taxonomy":"post_tag","embeddable":true,"href":"https:\/\/www.merionline.com.br\/noticias\/wp-json\/wp\/v2\/tags?post=256"}],"curies":[{"name":"wp","href":"https:\/\/api.w.org\/{rel}","templated":true}]}}