{"id":269,"date":"2015-02-03T09:58:55","date_gmt":"2015-02-03T11:58:55","guid":{"rendered":"http:\/\/www.merionline.com.br\/noticias\/?p=269"},"modified":"2016-09-20T22:51:15","modified_gmt":"2016-09-21T00:51:15","slug":"usina-fotovoltaica-um-bom-comeco","status":"publish","type":"post","link":"https:\/\/www.merionline.com.br\/noticias\/usina-fotovoltaica-um-bom-comeco\/","title":{"rendered":"USINA FOTOVOLTAICA \u2013 UM BOM COME\u00c7O"},"content":{"rendered":"<p>Nesta sexta-feira, dia 30\/01, foi instalado um equipamento numa das propriedades rurais que dever\u00e1 participar como arrendadora, para a instala\u00e7\u00e3o da t\u00e3o esperada usina fotovoltaica, a qual gerar\u00e1 energia solar.<\/p>\n<p>Este equipamento far\u00e1 a leitura de diversos aspectos clim\u00e1ticos, como velocidade do vento e radia\u00e7\u00e3o solar incidente na regi\u00e3o, cujos dados s\u00e3o transmitidos \u201con line\u201d para a Espanha, onde ser\u00e3o processados e utilizados para nortear o<span class=\"text_exposed_show\"> projeto do empreendimento.<\/span><\/p>\n<p>Esta usina \u00e9 uma forte expectativa, onde vimos trabalhando desde julho de 2013 e n\u00e3o pudemos alardear, para evitar o interesse de outros prefeitos e propriet\u00e1rios de outros munic\u00edpios, colocando em risco nossa pretens\u00e3o.<\/p>\n<p>Trata-se ainda de um projeto, mas hoje j\u00e1 podemos afirmar que a possibilidade de tornar-se realidade \u00e9 de 100%, pois foram investidos valores elevados, feito um pr\u00e9vio compromisso com os propriet\u00e1rios envolvidos e a localiza\u00e7\u00e3o \u00e9 muito favor\u00e1vel, al\u00e9m de que, este projeto j\u00e1 foi submetido \u00e0 leil\u00e3o no dia 31\/10\/2014, juntamente com dois outros do estado de S\u00e3o Paulo: Dracena e Guaimb\u00ea. Estes foram adquiridos e ser\u00e3o realizados. O nosso ficou para um segundo leil\u00e3o, que dever\u00e1 ocorrer no primeiro semestre de 2015 e dependia de um incentivo fiscal, que a empresa estava exigindo, o que foi solucionado com a aprova\u00e7\u00e3o pela c\u00e2mara de vereadores no in\u00edcio de dezembro\/2014.<\/p>\n<p>O projeto refere-se a um conjunto de 6 usinas solares, com placas fotovoltaicas, que ocupar\u00e3o 300 hectares, pr\u00f3ximo ao Gramad\u00e3o, cujo investimento de cada uma est\u00e1 em torno de R$.128.000.000,00, que multiplicados por 6, chegaremos \u00e0 cifra astron\u00f4mica de R$.768.000.000,00, que representa quase o valor gasto na duplica\u00e7\u00e3o da rodovia Euclydes da Cunha, trazendo v\u00e1rios empregos na constru\u00e7\u00e3o e na manuten\u00e7\u00e3o, al\u00e9m das receitas de impostos para o munic\u00edpio, por um longo per\u00edodo.<\/p>\n<p>O prefeito Aristeu e o vice Giovani estiveram visitando a instala\u00e7\u00e3o do equipamento, juntamente com os t\u00e9cnicos da empresa Sol\u00e1tio Energia, entre eles o espanhol Jaime, que vem sendo o interlocutor entre os diversos interessados no empreendimento.<\/p>\n","protected":false},"excerpt":{"rendered":"<p>Nesta sexta-feira, dia 30\/01, foi instalado um equipamento numa das propriedades rurais que dever\u00e1 participar como arrendadora, para a instala\u00e7\u00e3o da t\u00e3o esperada usina fotovoltaica, a qual gerar\u00e1 energia solar. Este equipamento far\u00e1 a leitura de diversos aspectos clim\u00e1ticos, como velocidade do vento e radia\u00e7\u00e3o solar incidente na regi\u00e3o, cujos dados s\u00e3o transmitidos \u201con line\u201d [&hellip;]<\/p>\n","protected":false},"author":1,"featured_media":270,"comment_status":"open","ping_status":"open","sticky":false,"template":"","format":"standard","meta":{"footnotes":""},"categories":[3],"tags":[],"_links":{"self":[{"href":"https:\/\/www.merionline.com.br\/noticias\/wp-json\/wp\/v2\/posts\/269"}],"collection":[{"href":"https:\/\/www.merionline.com.br\/noticias\/wp-json\/wp\/v2\/posts"}],"about":[{"href":"https:\/\/www.merionline.com.br\/noticias\/wp-json\/wp\/v2\/types\/post"}],"author":[{"embeddable":true,"href":"https:\/\/www.merionline.com.br\/noticias\/wp-json\/wp\/v2\/users\/1"}],"replies":[{"embeddable":true,"href":"https:\/\/www.merionline.com.br\/noticias\/wp-json\/wp\/v2\/comments?post=269"}],"version-history":[{"count":2,"href":"https:\/\/www.merionline.com.br\/noticias\/wp-json\/wp\/v2\/posts\/269\/revisions"}],"predecessor-version":[{"id":272,"href":"https:\/\/www.merionline.com.br\/noticias\/wp-json\/wp\/v2\/posts\/269\/revisions\/272"}],"wp:featuredmedia":[{"embeddable":true,"href":"https:\/\/www.merionline.com.br\/noticias\/wp-json\/wp\/v2\/media\/270"}],"wp:attachment":[{"href":"https:\/\/www.merionline.com.br\/noticias\/wp-json\/wp\/v2\/media?parent=269"}],"wp:term":[{"taxonomy":"category","embeddable":true,"href":"https:\/\/www.merionline.com.br\/noticias\/wp-json\/wp\/v2\/categories?post=269"},{"taxonomy":"post_tag","embeddable":true,"href":"https:\/\/www.merionline.com.br\/noticias\/wp-json\/wp\/v2\/tags?post=269"}],"curies":[{"name":"wp","href":"https:\/\/api.w.org\/{rel}","templated":true}]}}