{"id":280,"date":"2015-07-22T10:04:36","date_gmt":"2015-07-22T12:04:36","guid":{"rendered":"http:\/\/www.merionline.com.br\/noticias\/?p=280"},"modified":"2016-09-20T22:49:51","modified_gmt":"2016-09-21T00:49:51","slug":"meridiano-consegue-mais-uma-pa-carregadeira","status":"publish","type":"post","link":"https:\/\/www.merionline.com.br\/noticias\/meridiano-consegue-mais-uma-pa-carregadeira\/","title":{"rendered":"MERIDIANO CONSEGUE MAIS UMA P\u00c1 CARREGADEIRA"},"content":{"rendered":"<p>Atrav\u00e9s de emenda do ent\u00e3o deputado federal e atual secret\u00e1rio do governo do estado de S\u00e3o Paulo, J\u00falio Semeghini, Meridiano conquistou mais uma p\u00e1-carregadeira para a manuten\u00e7\u00e3o dos servi\u00e7os no munic\u00edpio, no valor de R$.280.000,00, onde R$.40.000,00 foi aportado pela prefeitura como contrapartida.<\/p>\n<p>Com esta, a frota do munic\u00edpio ficar\u00e1 com 04 p\u00e1s-carregadeiras. O prefeito Aristeu lembra que quando de sua posse, existia apenas uma p<span class=\"text_exposed_show\">\u00e1 com o motor em situa\u00e7\u00e3o bastante prec\u00e1ria e outra que foi acidentada pelo trem.<\/span><\/p>\n<div class=\"text_exposed_show\">\n<p>Ainda neste per\u00edodo a atual administra\u00e7\u00e3o conseguiu recuperar aquela sinistrada e tamb\u00e9m retificou o motor da mais antiga. Ganhou uma nova do ent\u00e3o secret\u00e1rio Bruno Covas e agora esta outra. Estando, portanto, todas em condi\u00e7\u00f5es de servir aos moradores.<\/p>\n<p>Al\u00e9m destes equipamentos, a administra\u00e7\u00e3o atual, conquistou tamb\u00e9m 02 retroescavadeiras, 01 motoniveladora, 06 \u00f4nibus, 02 caminh\u00f5es basculantes, 03 Vans, 01 ve\u00edculo Fiesta, 01 ve\u00edculo Voyage, 01 ve\u00edculo Saveiro, 01 Ambul\u00e2ncia com UTI m\u00f3vel , 01 ve\u00edculo Siena e 01 viatura para a pol\u00edcia civil.<\/p>\n<p>Adquiriu tamb\u00e9m com recursos pr\u00f3prios, um motocultivador, um microtrator e uma m\u00e1quina para pinturas.<\/p>\n<p>Com toda essa frota, o munic\u00edpio tem garantida a presta\u00e7\u00e3o de servi\u00e7os para a comunidade, sem despender de muito dinheiro com consertos e recupera\u00e7\u00f5es.<\/p>\n<\/div>\n","protected":false},"excerpt":{"rendered":"<p>Atrav\u00e9s de emenda do ent\u00e3o deputado federal e atual secret\u00e1rio do governo do estado de S\u00e3o Paulo, J\u00falio Semeghini, Meridiano conquistou mais uma p\u00e1-carregadeira para a manuten\u00e7\u00e3o dos servi\u00e7os no munic\u00edpio, no valor de R$.280.000,00, onde R$.40.000,00 foi aportado pela prefeitura como contrapartida. Com esta, a frota do munic\u00edpio ficar\u00e1 com 04 p\u00e1s-carregadeiras. O prefeito [&hellip;]<\/p>\n","protected":false},"author":1,"featured_media":281,"comment_status":"open","ping_status":"open","sticky":false,"template":"","format":"standard","meta":{"footnotes":""},"categories":[3],"tags":[],"_links":{"self":[{"href":"https:\/\/www.merionline.com.br\/noticias\/wp-json\/wp\/v2\/posts\/280"}],"collection":[{"href":"https:\/\/www.merionline.com.br\/noticias\/wp-json\/wp\/v2\/posts"}],"about":[{"href":"https:\/\/www.merionline.com.br\/noticias\/wp-json\/wp\/v2\/types\/post"}],"author":[{"embeddable":true,"href":"https:\/\/www.merionline.com.br\/noticias\/wp-json\/wp\/v2\/users\/1"}],"replies":[{"embeddable":true,"href":"https:\/\/www.merionline.com.br\/noticias\/wp-json\/wp\/v2\/comments?post=280"}],"version-history":[{"count":2,"href":"https:\/\/www.merionline.com.br\/noticias\/wp-json\/wp\/v2\/posts\/280\/revisions"}],"predecessor-version":[{"id":283,"href":"https:\/\/www.merionline.com.br\/noticias\/wp-json\/wp\/v2\/posts\/280\/revisions\/283"}],"wp:featuredmedia":[{"embeddable":true,"href":"https:\/\/www.merionline.com.br\/noticias\/wp-json\/wp\/v2\/media\/281"}],"wp:attachment":[{"href":"https:\/\/www.merionline.com.br\/noticias\/wp-json\/wp\/v2\/media?parent=280"}],"wp:term":[{"taxonomy":"category","embeddable":true,"href":"https:\/\/www.merionline.com.br\/noticias\/wp-json\/wp\/v2\/categories?post=280"},{"taxonomy":"post_tag","embeddable":true,"href":"https:\/\/www.merionline.com.br\/noticias\/wp-json\/wp\/v2\/tags?post=280"}],"curies":[{"name":"wp","href":"https:\/\/api.w.org\/{rel}","templated":true}]}}