{"id":285,"date":"2015-08-07T10:07:36","date_gmt":"2015-08-07T12:07:36","guid":{"rendered":"http:\/\/www.merionline.com.br\/noticias\/?p=285"},"modified":"2016-09-20T22:49:07","modified_gmt":"2016-09-21T00:49:07","slug":"prefeito-assina-escritura-da-compra-do-terreno-no-trevo","status":"publish","type":"post","link":"https:\/\/www.merionline.com.br\/noticias\/prefeito-assina-escritura-da-compra-do-terreno-no-trevo\/","title":{"rendered":"PREFEITO ASSINA ESCRITURA DA COMPRA DO TERRENO NO TREVO"},"content":{"rendered":"<p>O prefeito de Meridiano assinou nesta sexta-feira, dia 06, a escritura de aquisi\u00e7\u00e3o de um terreno medindo 4,6 alqueires, margeando a al\u00e7a de acesso do sentido Fernand\u00f3polis a Meridiano, no trevo da Rodovia Euclydes da Cunha para a via Tancredo Neves, onde ser\u00e1 implantado o Distrito Industrial Paulo Marcondes.<\/p>\n<p>O prefeito Aristeu diz da sua satisfa\u00e7\u00e3o, pois foi uma negocia\u00e7\u00e3o longa e minuciosa e o que mais o lisonjeia, foi o fato do propriet\u00e1rio ter deixado claro e at\u00e9 fez quest\u00e3o de constar em documento formalizado entre o prefeito e ele, de que estava fazendo essa concess\u00e3o, especialmente levando em considera\u00e7\u00e3o a postura de seriedade na sua pessoa.<br \/>\nA negocia\u00e7\u00e3o foi dif\u00edcil, porque se trata de pessoas abastadas, com grandes neg\u00f3cios no estado do Mato Grosso e n\u00e3o tinham interesse nenhum em dispor desta \u00e1rea que est\u00e1 sob o dom\u00ednio da fam\u00edlia h\u00e1 mais de 60 anos. Somente o fizeram atendendo aos insistentes apelos do prefeito em auxiliarem a dar um novo impulso para a nossa cidade, que tamb\u00e9m eles t\u00eam carinho especial. No momento da assinatura da escritura, o Dr. Lutero fez quest\u00e3o de frisar que foi a primeira escritura de venda que eles assinaram, pois at\u00e9 o momento, apenas assinaram escritura de compra.<\/p>\n<p>O prefeito agradece aos vereadores da c\u00e2mara municipal, que foram imprescind\u00edveis para conseguir-se os recursos necess\u00e1rios, especialmente aprovando a venda do pr\u00e9dio onde funcionava o banespa, bem como todos os demais procedimentos que possibilitaram atender \u00e0s exig\u00eancias legais. Agradece especialmente aos propriet\u00e1rios da \u00e1rea que se sensibilizaram com os prop\u00f3sitos da administra\u00e7\u00e3o e abriram m\u00e3o de um bem t\u00e3o valioso, n\u00e3o pelo valor econ\u00f4mico, mas que representa um enorme valor sentimental, rogando ao Alt\u00edssimo que os recompense por esse gesto nobre para com nossa cidade.<\/p>\n<p>O prefeito Aristeu salienta que apenas a aquisi\u00e7\u00e3o do terreno n\u00e3o \u00e9 tudo, mas \u00e9 o principal e isso j\u00e1 foi conseguido. Agora uma nova batalha deve ser travada, e os esfor\u00e7os dever\u00e3o ser redobrados para a legaliza\u00e7\u00e3o do terreno junto aos \u00f3rg\u00e3os governamentais e atrair empres\u00e1rios para o local, acreditando n\u00e3o ser dif\u00edcil, pois trata-se de um ponto estrat\u00e9gico, muito cobi\u00e7ado por empreendedores e os futuros gestores dever\u00e3o ser cobrados com insist\u00eancia para que deem prosseguimento na implanta\u00e7\u00e3o total deste empreendimento para o bem de toda a popula\u00e7\u00e3o, inclusive da prefeitura, que ir\u00e1, obter maior arrecada\u00e7\u00e3o com o aumento do parque industrial.<br \/>\nO prefeito salienta tamb\u00e9m que durante o per\u00edodo dessa negocia\u00e7\u00e3o, tendo em vista as dificuldades de chegar-se a um acordo, at\u00e9 porque tamb\u00e9m n\u00e3o tinha os recursos necess\u00e1rios, resolveu implementar a cria\u00e7\u00e3o de outro distrito industrial, aproveitando uma \u00e1rea ociosa junto ao Pronaf, onde ser\u00e1 constru\u00edda uma incubadora de empresas, cuja verba de r$.300.000,00 j\u00e1 foi concedida pelo secret\u00e1rio J\u00falio Semeghini e o edital de concorr\u00eancia para doa\u00e7\u00e3o dos demais terrenos, j\u00e1 se encontra publicado para os interessados, onde dever\u00e3o ser ocupados por novas empresas e novos empregos no munic\u00edpio ser\u00e3o gerados.<\/p>\n<p>O prefeito Aristeu agradece tamb\u00e9m a popula\u00e7\u00e3o de Meridiano que tem dado todas as condi\u00e7\u00f5es e incentivado para que continue firme com os objetivos e considera que este feito \u00e9 realmente um marco na hist\u00f3ria de Meridiano e todos dever\u00e3o comemorar, pois o benef\u00edcio ser\u00e1 da popula\u00e7\u00e3o Meridianense, especialmente na cria\u00e7\u00e3o de novos empregos.<\/p>\n<p>FOTO REGISTRANDO O MOMENTO, NO CART\u00d3RIO DE BRASIT\u00c2NIA.<\/p>\n<p><img loading=\"lazy\" decoding=\"async\" class=\"alignleft size-post-thumbnail wp-image-287\" src=\"https:\/\/www.merionline.com.br\/noticias\/wp-content\/uploads\/2016\/09\/trevo-distrito2-1-640x360.jpg\" alt=\"trevo-distrito2\" width=\"640\" height=\"360\" srcset=\"https:\/\/www.merionline.com.br\/noticias\/wp-content\/uploads\/2016\/09\/trevo-distrito2-1-640x360.jpg 640w, https:\/\/www.merionline.com.br\/noticias\/wp-content\/uploads\/2016\/09\/trevo-distrito2-1-300x170.jpg 300w, https:\/\/www.merionline.com.br\/noticias\/wp-content\/uploads\/2016\/09\/trevo-distrito2-1-320x180.jpg 320w\" sizes=\"(max-width: 640px) 100vw, 640px\" \/><\/p>\n","protected":false},"excerpt":{"rendered":"<p>O prefeito de Meridiano assinou nesta sexta-feira, dia 06, a escritura de aquisi\u00e7\u00e3o de um terreno medindo 4,6 alqueires, margeando a al\u00e7a de acesso do sentido Fernand\u00f3polis a Meridiano, no trevo da Rodovia Euclydes da Cunha para a via Tancredo Neves, onde ser\u00e1 implantado o Distrito Industrial Paulo Marcondes. O prefeito Aristeu diz da sua [&hellip;]<\/p>\n","protected":false},"author":1,"featured_media":286,"comment_status":"open","ping_status":"open","sticky":false,"template":"","format":"standard","meta":{"footnotes":""},"categories":[3],"tags":[],"_links":{"self":[{"href":"https:\/\/www.merionline.com.br\/noticias\/wp-json\/wp\/v2\/posts\/285"}],"collection":[{"href":"https:\/\/www.merionline.com.br\/noticias\/wp-json\/wp\/v2\/posts"}],"about":[{"href":"https:\/\/www.merionline.com.br\/noticias\/wp-json\/wp\/v2\/types\/post"}],"author":[{"embeddable":true,"href":"https:\/\/www.merionline.com.br\/noticias\/wp-json\/wp\/v2\/users\/1"}],"replies":[{"embeddable":true,"href":"https:\/\/www.merionline.com.br\/noticias\/wp-json\/wp\/v2\/comments?post=285"}],"version-history":[{"count":1,"href":"https:\/\/www.merionline.com.br\/noticias\/wp-json\/wp\/v2\/posts\/285\/revisions"}],"predecessor-version":[{"id":288,"href":"https:\/\/www.merionline.com.br\/noticias\/wp-json\/wp\/v2\/posts\/285\/revisions\/288"}],"wp:featuredmedia":[{"embeddable":true,"href":"https:\/\/www.merionline.com.br\/noticias\/wp-json\/wp\/v2\/media\/286"}],"wp:attachment":[{"href":"https:\/\/www.merionline.com.br\/noticias\/wp-json\/wp\/v2\/media?parent=285"}],"wp:term":[{"taxonomy":"category","embeddable":true,"href":"https:\/\/www.merionline.com.br\/noticias\/wp-json\/wp\/v2\/categories?post=285"},{"taxonomy":"post_tag","embeddable":true,"href":"https:\/\/www.merionline.com.br\/noticias\/wp-json\/wp\/v2\/tags?post=285"}],"curies":[{"name":"wp","href":"https:\/\/api.w.org\/{rel}","templated":true}]}}