{"id":289,"date":"2015-10-14T10:09:55","date_gmt":"2015-10-14T12:09:55","guid":{"rendered":"http:\/\/www.merionline.com.br\/noticias\/?p=289"},"modified":"2016-09-20T22:48:15","modified_gmt":"2016-09-21T00:48:15","slug":"concluida-a-reforma-da-ubs-de-meridiano","status":"publish","type":"post","link":"https:\/\/www.merionline.com.br\/noticias\/concluida-a-reforma-da-ubs-de-meridiano\/","title":{"rendered":"CONCLUIDA A REFORMA DA UBS DE MERIDIANO"},"content":{"rendered":"<p>Com verba de R$ 217.000,00 concedida pelo governo do estado de S\u00e3o Paulo, a pedido do deputado Carl\u00e3o Pignatari e do ent\u00e3o secret\u00e1rio de planejamento, J\u00falio Semeghini, foi conclu\u00edda a reforma do pr\u00e9dio que abriga a UBS \u2013 Unidade B\u00e1sica de Sa\u00fade de Meridiano, cujo projeto foi elaborado pelos profissionais de engenharia da pr\u00f3pria prefeitura.<\/p>\n<p>Segundo o prefeito Aristeu, trata-se de uma obra de primeira qualidade, com uma fachada moderna e<span class=\"text_exposed_show\"> chamativa, sendo uma das mais bonitas da regi\u00e3o, como tem reconhecido v\u00e1rios visitantes da cidade.<\/span><\/p>\n<div class=\"text_exposed_show\">\n<p>O prefeito sustenta que a qualidade dos servi\u00e7os de sa\u00fade \u00e9 o mais importante, tanto que ampliou o hor\u00e1rio de atendimento para at\u00e9 21:00 horas e contratou mais m\u00e9dicos, mesmo numa \u00e9poca de queda de arrecada\u00e7\u00e3o e dificuldades financeiras, ante a crise que se instalou no pa\u00eds, mas entende que o conforto para os usu\u00e1rios, que \u00e9 conseguido tamb\u00e9m com a apar\u00eancia do local, \u00e9 fundamental para a r\u00e1pida recupera\u00e7\u00e3o do paciente, pois enseja uma confian\u00e7a maior nos servi\u00e7os.<\/p>\n<p>S\u00f3 para se ter uma ideia, em apenas quatro meses (de abril a agosto) foram feitas 5.416 consultas no posto, al\u00e9m das pessoas que foram removidas para outras localidades que oferecem especializa\u00e7\u00f5es.<\/p>\n<p>O prefeito est\u00e1 aguardando uma oportunidade da vinda das autoridades de S\u00e3o Paulo para a inaugura\u00e7\u00e3o, possivelmente com a presen\u00e7a do governador Geraldo Alckimin.<\/p>\n<\/div>\n","protected":false},"excerpt":{"rendered":"<p>Com verba de R$ 217.000,00 concedida pelo governo do estado de S\u00e3o Paulo, a pedido do deputado Carl\u00e3o Pignatari e do ent\u00e3o secret\u00e1rio de planejamento, J\u00falio Semeghini, foi conclu\u00edda a reforma do pr\u00e9dio que abriga a UBS \u2013 Unidade B\u00e1sica de Sa\u00fade de Meridiano, cujo projeto foi elaborado pelos profissionais de engenharia da pr\u00f3pria prefeitura. [&hellip;]<\/p>\n","protected":false},"author":1,"featured_media":290,"comment_status":"open","ping_status":"open","sticky":false,"template":"","format":"standard","meta":{"footnotes":""},"categories":[3],"tags":[],"_links":{"self":[{"href":"https:\/\/www.merionline.com.br\/noticias\/wp-json\/wp\/v2\/posts\/289"}],"collection":[{"href":"https:\/\/www.merionline.com.br\/noticias\/wp-json\/wp\/v2\/posts"}],"about":[{"href":"https:\/\/www.merionline.com.br\/noticias\/wp-json\/wp\/v2\/types\/post"}],"author":[{"embeddable":true,"href":"https:\/\/www.merionline.com.br\/noticias\/wp-json\/wp\/v2\/users\/1"}],"replies":[{"embeddable":true,"href":"https:\/\/www.merionline.com.br\/noticias\/wp-json\/wp\/v2\/comments?post=289"}],"version-history":[{"count":1,"href":"https:\/\/www.merionline.com.br\/noticias\/wp-json\/wp\/v2\/posts\/289\/revisions"}],"predecessor-version":[{"id":291,"href":"https:\/\/www.merionline.com.br\/noticias\/wp-json\/wp\/v2\/posts\/289\/revisions\/291"}],"wp:featuredmedia":[{"embeddable":true,"href":"https:\/\/www.merionline.com.br\/noticias\/wp-json\/wp\/v2\/media\/290"}],"wp:attachment":[{"href":"https:\/\/www.merionline.com.br\/noticias\/wp-json\/wp\/v2\/media?parent=289"}],"wp:term":[{"taxonomy":"category","embeddable":true,"href":"https:\/\/www.merionline.com.br\/noticias\/wp-json\/wp\/v2\/categories?post=289"},{"taxonomy":"post_tag","embeddable":true,"href":"https:\/\/www.merionline.com.br\/noticias\/wp-json\/wp\/v2\/tags?post=289"}],"curies":[{"name":"wp","href":"https:\/\/api.w.org\/{rel}","templated":true}]}}