{"id":292,"date":"2015-12-16T10:11:08","date_gmt":"2015-12-16T12:11:08","guid":{"rendered":"http:\/\/www.merionline.com.br\/noticias\/?p=292"},"modified":"2016-09-20T22:47:47","modified_gmt":"2016-09-21T00:47:47","slug":"prefeito-aristeu-acompanhado-do-presidente-da-camara-assina-convenio-de-ambulancia","status":"publish","type":"post","link":"https:\/\/www.merionline.com.br\/noticias\/prefeito-aristeu-acompanhado-do-presidente-da-camara-assina-convenio-de-ambulancia\/","title":{"rendered":"PREFEITO ARISTEU, ACOMPANHADO DO PRESIDENTE DA C\u00c2MARA, ASSINA CONV\u00caNIO DE AMBUL\u00c2NCIA"},"content":{"rendered":"<p>O prefeito Aristeu e o presidente da c\u00e2mara Maicon, estiveram em S\u00e3o Jos\u00e9 do Rio Preto, assinando conv\u00eanio relativo \u00e0 uma ambul\u00e2ncia, no valor de R$.93.000,00, que foi conquistada pelo presidente da c\u00e2mara junto ao deputado estadual Ramalho da Constru\u00e7\u00e3o.<\/p>\n<p>Segundo o prefeito, esta ambul\u00e2ncia ser\u00e1 direcionada para o Povoado de Santo Antonio do Viradouro, pois foi uma conquista do Maicon e nada <span class=\"text_exposed_show\">\u00e9 mais justo do que atender ao seu pedido, at\u00e9 porque ele tem se empenhado em ajudar a administra\u00e7\u00e3o, buscando recursos e economizando a ponto de j\u00e1 ter devolvido o valor de R$.120.000,00, que muito auxiliou no fechamento da folha de pagamentos do m\u00eas de outubro e do 13\u00ba sal\u00e1rio dos funcion\u00e1rios.<\/span><\/p>\n<div class=\"text_exposed_show\">\n<p>O prefeito lembra que em sua administra\u00e7\u00e3o, o povoado foi agraciado com v\u00e1rios investimentos, como a creche-escola que est\u00e1 sendo constru\u00edda, cujo terreno foi adquirido com recursos pr\u00f3prios do munic\u00edpio; uma academia ao ar livre; a reforma do posto de sa\u00fade; a instala\u00e7\u00e3o da escola da fam\u00edlia, que muito contribui para o desempenho dos alunos, al\u00e9m de possibilitar que universit\u00e1rios tenham o estudo gratuito; a implanta\u00e7\u00e3o do projeto \u201cAcessa S\u00e3o Paulo Rural\u201d, permitindo o acesso da popula\u00e7\u00e3o \u00e0 internet e trabalhos dos alunos; a cria\u00e7\u00e3o de coordenadora da educa\u00e7\u00e3o e coordenadora de projetos, que auxiliam o desenvolvimento especialmente dos alunos e tamb\u00e9m a cria\u00e7\u00e3o do CCI para o povoado, al\u00e9m de estimular um empres\u00e1rio a construir resid\u00eancias pelo projeto Minha Casa Minha Vida.<\/p>\n<\/div>\n","protected":false},"excerpt":{"rendered":"<p>O prefeito Aristeu e o presidente da c\u00e2mara Maicon, estiveram em S\u00e3o Jos\u00e9 do Rio Preto, assinando conv\u00eanio relativo \u00e0 uma ambul\u00e2ncia, no valor de R$.93.000,00, que foi conquistada pelo presidente da c\u00e2mara junto ao deputado estadual Ramalho da Constru\u00e7\u00e3o. Segundo o prefeito, esta ambul\u00e2ncia ser\u00e1 direcionada para o Povoado de Santo Antonio do Viradouro, [&hellip;]<\/p>\n","protected":false},"author":1,"featured_media":293,"comment_status":"open","ping_status":"open","sticky":false,"template":"","format":"standard","meta":{"footnotes":""},"categories":[3],"tags":[],"_links":{"self":[{"href":"https:\/\/www.merionline.com.br\/noticias\/wp-json\/wp\/v2\/posts\/292"}],"collection":[{"href":"https:\/\/www.merionline.com.br\/noticias\/wp-json\/wp\/v2\/posts"}],"about":[{"href":"https:\/\/www.merionline.com.br\/noticias\/wp-json\/wp\/v2\/types\/post"}],"author":[{"embeddable":true,"href":"https:\/\/www.merionline.com.br\/noticias\/wp-json\/wp\/v2\/users\/1"}],"replies":[{"embeddable":true,"href":"https:\/\/www.merionline.com.br\/noticias\/wp-json\/wp\/v2\/comments?post=292"}],"version-history":[{"count":1,"href":"https:\/\/www.merionline.com.br\/noticias\/wp-json\/wp\/v2\/posts\/292\/revisions"}],"predecessor-version":[{"id":294,"href":"https:\/\/www.merionline.com.br\/noticias\/wp-json\/wp\/v2\/posts\/292\/revisions\/294"}],"wp:featuredmedia":[{"embeddable":true,"href":"https:\/\/www.merionline.com.br\/noticias\/wp-json\/wp\/v2\/media\/293"}],"wp:attachment":[{"href":"https:\/\/www.merionline.com.br\/noticias\/wp-json\/wp\/v2\/media?parent=292"}],"wp:term":[{"taxonomy":"category","embeddable":true,"href":"https:\/\/www.merionline.com.br\/noticias\/wp-json\/wp\/v2\/categories?post=292"},{"taxonomy":"post_tag","embeddable":true,"href":"https:\/\/www.merionline.com.br\/noticias\/wp-json\/wp\/v2\/tags?post=292"}],"curies":[{"name":"wp","href":"https:\/\/api.w.org\/{rel}","templated":true}]}}