{"id":295,"date":"2016-05-21T10:12:16","date_gmt":"2016-05-21T12:12:16","guid":{"rendered":"http:\/\/www.merionline.com.br\/noticias\/?p=295"},"modified":"2016-09-20T22:46:59","modified_gmt":"2016-09-21T00:46:59","slug":"prefeito-aristeu-assina-convenio-de-r-300-00000-para-a-construcao-da-incubadora-de-empresas","status":"publish","type":"post","link":"https:\/\/www.merionline.com.br\/noticias\/prefeito-aristeu-assina-convenio-de-r-300-00000-para-a-construcao-da-incubadora-de-empresas\/","title":{"rendered":"PREFEITO ARISTEU ASSINA CONV\u00caNIO DE R$ 300.000,00 PARA A CONSTRU\u00c7\u00c3O DA INCUBADORA DE EMPRESAS."},"content":{"rendered":"<p>O prefeito Aristeu esteve no Pal\u00e1cio dos Bandeirantes, na \u00faltima ter\u00e7a-feira, dia 17, assinando conv\u00eanio para instala\u00e7\u00e3o da incubadora de empresas, no distrito industrial do PRONAF, no valor de R$.300.000,00, que foram concedidos pelo ent\u00e3o secret\u00e1rio de planejamento J\u00falio Semeghini, que dever\u00e1 ter uma contrapartida da prefeitura em torno de R$ 30.000,00.<\/p>\n<p>Trata-se de uma obra que d<span class=\"text_exposed_show\">ever\u00e1 abrigar algumas pequenas empresas em in\u00edcio de atividade, para que elas tenham oportunidade de crescer e andar com as pr\u00f3prias pernas.<\/span><\/p>\n<div class=\"text_exposed_show\">\n<p>O prefeito enfatiza que trata-se de mais um objetivo alcan\u00e7ado por sua administra\u00e7\u00e3o, que teve uma participa\u00e7\u00e3o extraordin\u00e1ria do vice Giovani, o qual foi o idealizador daquele distrito industrial.<\/p>\n<p>Salienta tamb\u00e9m ser mais uma alternativa para alavancar o desenvolvimento de Meridiano, dentre outras, como, inclusive, o distrito industrial Paulo Marcondes, que ser\u00e1 implantado no trevo. Infelizmente, embora seja uma verba que foi autorizada em 2014, somente agora foi poss\u00edvel a assinatura do conv\u00eanio, tendo em vista as dificuldades financeiras por que vem passando o pa\u00eds e os estados. No entanto, o prefeito espera dar in\u00edcio \u00e0s obras ainda no seu mandato.<\/p>\n<p>Na assinatura do conv\u00eanio o prefeito esteve acompanhado do deputado estadual Carl\u00e3o Pignatari e do Val Rizzato, que auxiliaram na conquista deste recurso.<\/p>\n<\/div>\n","protected":false},"excerpt":{"rendered":"<p>O prefeito Aristeu esteve no Pal\u00e1cio dos Bandeirantes, na \u00faltima ter\u00e7a-feira, dia 17, assinando conv\u00eanio para instala\u00e7\u00e3o da incubadora de empresas, no distrito industrial do PRONAF, no valor de R$.300.000,00, que foram concedidos pelo ent\u00e3o secret\u00e1rio de planejamento J\u00falio Semeghini, que dever\u00e1 ter uma contrapartida da prefeitura em torno de R$ 30.000,00. Trata-se de uma [&hellip;]<\/p>\n","protected":false},"author":1,"featured_media":296,"comment_status":"open","ping_status":"open","sticky":false,"template":"","format":"standard","meta":{"footnotes":""},"categories":[3],"tags":[],"_links":{"self":[{"href":"https:\/\/www.merionline.com.br\/noticias\/wp-json\/wp\/v2\/posts\/295"}],"collection":[{"href":"https:\/\/www.merionline.com.br\/noticias\/wp-json\/wp\/v2\/posts"}],"about":[{"href":"https:\/\/www.merionline.com.br\/noticias\/wp-json\/wp\/v2\/types\/post"}],"author":[{"embeddable":true,"href":"https:\/\/www.merionline.com.br\/noticias\/wp-json\/wp\/v2\/users\/1"}],"replies":[{"embeddable":true,"href":"https:\/\/www.merionline.com.br\/noticias\/wp-json\/wp\/v2\/comments?post=295"}],"version-history":[{"count":1,"href":"https:\/\/www.merionline.com.br\/noticias\/wp-json\/wp\/v2\/posts\/295\/revisions"}],"predecessor-version":[{"id":297,"href":"https:\/\/www.merionline.com.br\/noticias\/wp-json\/wp\/v2\/posts\/295\/revisions\/297"}],"wp:featuredmedia":[{"embeddable":true,"href":"https:\/\/www.merionline.com.br\/noticias\/wp-json\/wp\/v2\/media\/296"}],"wp:attachment":[{"href":"https:\/\/www.merionline.com.br\/noticias\/wp-json\/wp\/v2\/media?parent=295"}],"wp:term":[{"taxonomy":"category","embeddable":true,"href":"https:\/\/www.merionline.com.br\/noticias\/wp-json\/wp\/v2\/categories?post=295"},{"taxonomy":"post_tag","embeddable":true,"href":"https:\/\/www.merionline.com.br\/noticias\/wp-json\/wp\/v2\/tags?post=295"}],"curies":[{"name":"wp","href":"https:\/\/api.w.org\/{rel}","templated":true}]}}