{"id":298,"date":"2016-05-31T10:13:10","date_gmt":"2016-05-31T12:13:10","guid":{"rendered":"http:\/\/www.merionline.com.br\/noticias\/?p=298"},"modified":"2016-09-20T22:45:25","modified_gmt":"2016-09-21T00:45:25","slug":"prefeito-aristeu-e-condecorado-com-o-selo-de-prefeito-empreendedor-do-sebrae","status":"publish","type":"post","link":"https:\/\/www.merionline.com.br\/noticias\/prefeito-aristeu-e-condecorado-com-o-selo-de-prefeito-empreendedor-do-sebrae\/","title":{"rendered":"PREFEITO ARISTEU \u00c9 CONDECORADO COM O SELO DE \u201cPREFEITO EMPREENDEDOR\u201d DO SEBRAE."},"content":{"rendered":"<p>O prefeito Aristeu, acaba de receber nesta ter\u00e7a-feira (31\/05), a condecora\u00e7\u00e3o de \u201cPrefeito Empreendedor\u201d, destinada pelo SEBRAE, aos gestores que apresentam postura de incremento do empreendedorismo no munic\u00edpio, proporcionando a manuten\u00e7\u00e3o e facilitando o ingresso de pessoas com caracter\u00edsticas empreendedoras, na economia d<span class=\"text_exposed_show\">a localidade.<\/span><\/p>\n<div class=\"text_exposed_show\">\n<p>No caso de Meridiano, foi analisado o esfor\u00e7o que o prefeito vem direcionando na abertura de novas oportunidades, atrav\u00e9s da cria\u00e7\u00e3o e expans\u00e3o do parque industrial, permitindo que as empresas possam ter melhores condi\u00e7\u00f5es de instala\u00e7\u00e3o, bem como atrair novos empres\u00e1rios para o munic\u00edpio, que trar\u00e1, como consequ\u00eancia, o incremento da empregabilidade, com melhoria da renda familiar, com reflexos positivos para toda a rede comercial da cidade, al\u00e9m de permitir que os jovens consigam se inserir no mercado, sem a necessidade de sa\u00edrem de perto de seus familiares.<\/p>\n<p>O prefeito Aristeu argumenta que este reconhecimento por um \u00f3rg\u00e3o de tal envergadura, o sensibiliza e o deixa lisonjeado, pois esta sempre foi uma das suas preocupa\u00e7\u00f5es em estimular o crescimento da cidade de forma sustent\u00e1vel e saud\u00e1vel, sem comprometer os servi\u00e7os p\u00fablicos, permitindo que as pessoas mantenham a dignidade, tendo os recursos necess\u00e1rios, atrav\u00e9s de seus pr\u00f3prios esfor\u00e7os, para satisfa\u00e7\u00e3o de suas necessidades.<\/p>\n<p>Diz ainda que este feito o faz sentir de consci\u00eancia tranquila e o sentimento de dever cumprido junto \u00e0 popula\u00e7\u00e3o, no que concerne ao necess\u00e1rio avan\u00e7o dos limites do empreendedorismo, lembrando que para tal, expandiu o distrito industrial atrav\u00e9s da ocupa\u00e7\u00e3o de um terreno que se encontrava ocioso junto ao PRONAF, onde j\u00e1 foi feita a primeira licita\u00e7\u00e3o e algumas empresas foram contempladas, estando em fase de prepara\u00e7\u00e3o para a segunda licita\u00e7\u00e3o.<\/p>\n<p>No entanto, o seu maior orgulho \u00e9 em rela\u00e7\u00e3o ao terreno adquirido com recursos pr\u00f3prios junto ao Trevo da Rodovia Euclydes da Cunha, que custou um esfor\u00e7o tremendo e a boa vontade dos propriet\u00e1rios em tamb\u00e9m auxiliar o desenvolvimento da nossa cidade, cujo projeto j\u00e1 est\u00e1 em fase final para a concretiza\u00e7\u00e3o deste objetivo.<\/p>\n<\/div>\n","protected":false},"excerpt":{"rendered":"<p>O prefeito Aristeu, acaba de receber nesta ter\u00e7a-feira (31\/05), a condecora\u00e7\u00e3o de \u201cPrefeito Empreendedor\u201d, destinada pelo SEBRAE, aos gestores que apresentam postura de incremento do empreendedorismo no munic\u00edpio, proporcionando a manuten\u00e7\u00e3o e facilitando o ingresso de pessoas com caracter\u00edsticas empreendedoras, na economia da localidade. No caso de Meridiano, foi analisado o esfor\u00e7o que o prefeito [&hellip;]<\/p>\n","protected":false},"author":1,"featured_media":299,"comment_status":"open","ping_status":"open","sticky":false,"template":"","format":"standard","meta":{"footnotes":""},"categories":[3],"tags":[],"_links":{"self":[{"href":"https:\/\/www.merionline.com.br\/noticias\/wp-json\/wp\/v2\/posts\/298"}],"collection":[{"href":"https:\/\/www.merionline.com.br\/noticias\/wp-json\/wp\/v2\/posts"}],"about":[{"href":"https:\/\/www.merionline.com.br\/noticias\/wp-json\/wp\/v2\/types\/post"}],"author":[{"embeddable":true,"href":"https:\/\/www.merionline.com.br\/noticias\/wp-json\/wp\/v2\/users\/1"}],"replies":[{"embeddable":true,"href":"https:\/\/www.merionline.com.br\/noticias\/wp-json\/wp\/v2\/comments?post=298"}],"version-history":[{"count":1,"href":"https:\/\/www.merionline.com.br\/noticias\/wp-json\/wp\/v2\/posts\/298\/revisions"}],"predecessor-version":[{"id":300,"href":"https:\/\/www.merionline.com.br\/noticias\/wp-json\/wp\/v2\/posts\/298\/revisions\/300"}],"wp:featuredmedia":[{"embeddable":true,"href":"https:\/\/www.merionline.com.br\/noticias\/wp-json\/wp\/v2\/media\/299"}],"wp:attachment":[{"href":"https:\/\/www.merionline.com.br\/noticias\/wp-json\/wp\/v2\/media?parent=298"}],"wp:term":[{"taxonomy":"category","embeddable":true,"href":"https:\/\/www.merionline.com.br\/noticias\/wp-json\/wp\/v2\/categories?post=298"},{"taxonomy":"post_tag","embeddable":true,"href":"https:\/\/www.merionline.com.br\/noticias\/wp-json\/wp\/v2\/tags?post=298"}],"curies":[{"name":"wp","href":"https:\/\/api.w.org\/{rel}","templated":true}]}}