{"id":301,"date":"2016-09-20T20:05:31","date_gmt":"2016-09-20T22:05:31","guid":{"rendered":"http:\/\/www.merionline.com.br\/noticias\/?p=301"},"modified":"2016-09-22T10:10:44","modified_gmt":"2016-09-22T12:10:44","slug":"video-aristeu-baldin-apoia-val-rizzato-para-ser-o-novo-prefeito-de-meridiano","status":"publish","type":"post","link":"https:\/\/www.merionline.com.br\/noticias\/video-aristeu-baldin-apoia-val-rizzato-para-ser-o-novo-prefeito-de-meridiano\/","title":{"rendered":"(V\u00eddeo) Aristeu Baldin apoia Val Rizzato para ser o novo prefeito de Meridiano"},"content":{"rendered":"<p>No que depender do atual prefeito de Meridiano, Aristeu Baldin, o candidato Val Rizzato, pelo PSDB, \u00e0 Prefeitura de Meridiano, ser\u00e1 o novo administrador do munic\u00edpio nos pr\u00f3ximos quatro anos.<\/p>\n<p>Em entrevista ao portal Merionline, Aristeu destacou que Val Rizzato tem muito potencial para ser prefeito de Meridiano e tem se apresentado como um candidato forte para as elei\u00e7\u00f5es de 2 de outubro.<\/p>\n<p>\u201cO Val Rizzato tem amizade e \u2018tr\u00e2nsito livre\u2019 nas esferas estadual e federal. Isso ajudar\u00e1 o nosso munic\u00edpio na conquista de verbas\u201d, destacou Aristeu.<\/p>\n<p>Ainda de acordo com o atual prefeito, Val Rizzato \u00e9 o nome ideal para dar andamento aos projetos conquistados na sua administra\u00e7\u00e3o. \u201cRegistramos em cart\u00f3rio a compra de um terreno, onde ser\u00e3o constru\u00eddas 180 casas da CDHU. Conquistamos o Parque do Povo, cuja verba \u00e9 de quase R$ 3 milh\u00f5es e depende de uma contrapartida de R$ 300 mil para a concretiza\u00e7\u00e3o do projeto. Tamb\u00e9m conquistamos dois parques industriais para gerar emprego \u00e0s fam\u00edlias de Meridiano. Essas conquistas dever\u00e3o ser consolidadas na pr\u00f3xima administra\u00e7\u00e3o municipal e das alternativas atuais ningu\u00e9m melhor que Val Rizzato para \u2018bancar\u2019 tais projetos de forma competente\u201d, finalizou.<\/p>\n<p><iframe loading=\"lazy\" src=\"https:\/\/www.youtube.com\/embed\/I_3uTjf4HfI?rel=0\" width=\"560\" height=\"315\" frameborder=\"0\" allowfullscreen=\"allowfullscreen\"><\/iframe><\/p>\n<blockquote><p>PUBLICIDADE<\/p><\/blockquote>\n<p><img loading=\"lazy\" decoding=\"async\" class=\"alignleft size-full wp-image-309\" src=\"https:\/\/www.merionline.com.br\/noticias\/wp-content\/uploads\/2016\/09\/concart.jpg\" alt=\"concart\" width=\"380\" height=\"100\" srcset=\"https:\/\/www.merionline.com.br\/noticias\/wp-content\/uploads\/2016\/09\/concart.jpg 380w, https:\/\/www.merionline.com.br\/noticias\/wp-content\/uploads\/2016\/09\/concart-300x79.jpg 300w\" sizes=\"(max-width: 380px) 100vw, 380px\" \/><\/p>\n<p>&nbsp;<\/p>\n<p>&nbsp;<\/p>\n<p>&nbsp;<\/p>\n","protected":false},"excerpt":{"rendered":"<p>No que depender do atual prefeito de Meridiano, Aristeu Baldin, o candidato Val Rizzato, pelo PSDB, \u00e0 Prefeitura de Meridiano, ser\u00e1 o novo administrador do munic\u00edpio nos pr\u00f3ximos quatro anos. Em entrevista ao portal Merionline, Aristeu destacou que Val Rizzato tem muito potencial para ser prefeito de Meridiano e tem se apresentado como um candidato [&hellip;]<\/p>\n","protected":false},"author":1,"featured_media":302,"comment_status":"open","ping_status":"open","sticky":false,"template":"","format":"standard","meta":{"footnotes":""},"categories":[3],"tags":[],"_links":{"self":[{"href":"https:\/\/www.merionline.com.br\/noticias\/wp-json\/wp\/v2\/posts\/301"}],"collection":[{"href":"https:\/\/www.merionline.com.br\/noticias\/wp-json\/wp\/v2\/posts"}],"about":[{"href":"https:\/\/www.merionline.com.br\/noticias\/wp-json\/wp\/v2\/types\/post"}],"author":[{"embeddable":true,"href":"https:\/\/www.merionline.com.br\/noticias\/wp-json\/wp\/v2\/users\/1"}],"replies":[{"embeddable":true,"href":"https:\/\/www.merionline.com.br\/noticias\/wp-json\/wp\/v2\/comments?post=301"}],"version-history":[{"count":10,"href":"https:\/\/www.merionline.com.br\/noticias\/wp-json\/wp\/v2\/posts\/301\/revisions"}],"predecessor-version":[{"id":316,"href":"https:\/\/www.merionline.com.br\/noticias\/wp-json\/wp\/v2\/posts\/301\/revisions\/316"}],"wp:featuredmedia":[{"embeddable":true,"href":"https:\/\/www.merionline.com.br\/noticias\/wp-json\/wp\/v2\/media\/302"}],"wp:attachment":[{"href":"https:\/\/www.merionline.com.br\/noticias\/wp-json\/wp\/v2\/media?parent=301"}],"wp:term":[{"taxonomy":"category","embeddable":true,"href":"https:\/\/www.merionline.com.br\/noticias\/wp-json\/wp\/v2\/categories?post=301"},{"taxonomy":"post_tag","embeddable":true,"href":"https:\/\/www.merionline.com.br\/noticias\/wp-json\/wp\/v2\/tags?post=301"}],"curies":[{"name":"wp","href":"https:\/\/api.w.org\/{rel}","templated":true}]}}