{"id":317,"date":"2016-09-24T10:42:42","date_gmt":"2016-09-24T12:42:42","guid":{"rendered":"http:\/\/www.merionline.com.br\/noticias\/?p=317"},"modified":"2016-09-24T10:42:42","modified_gmt":"2016-09-24T12:42:42","slug":"tragedia-na-festa-do-peao-de-cosmorama","status":"publish","type":"post","link":"https:\/\/www.merionline.com.br\/noticias\/tragedia-na-festa-do-peao-de-cosmorama\/","title":{"rendered":"TRAG\u00c9DIA NA FESTA DO PE\u00c3O DE COSMORAMA"},"content":{"rendered":"<p>Jovem pe\u00e3o de 17 anos morre pisoteado por touro.<\/p>\n<p>Uma trag\u00e9dia marcou a noite desta sexta-feira, na Festa do Pe\u00e3o de Cosm<span class=\"text_exposed_show\">orama. O jovem pe\u00e3o F\u00e1bio Quirino, 17 anos de idade, morreu ao cair e ser pisoteado pelo touro que ele montava.<\/span><\/p>\n<div class=\"text_exposed_show\">\n<p>Quirino era morador da pr\u00f3pria cidade onde ele montava e familiares do jovem presenciaram a trag\u00e9dia.<\/p>\n<p>Conforme informa\u00e7\u00f5es, o pe\u00e3o sofreu s\u00e9rias les\u00f5es no t\u00f3rax, pulm\u00e3o e pesco\u00e7o. Imediatamente, o pe\u00e3o foi atendido por param\u00e9dicos que estavam no recinto da Festa e socorrido ao Pronto Socorro de Cosmorama.<\/p>\n<p>Mas o jovem chegou sem vida ao hospital. O m\u00e9dico ainda tentou reanim\u00e1-lo por quase 40 minutos, mas em v\u00e3o.<\/p>\n<p>O seu corpo foi removido por volta da meia-noite deste s\u00e1bado, para o Instituto M\u00e9dico-Legal de Rio Preto, que ir\u00e1 apontar a causa da morte.<\/p>\n<p>A atra\u00e7\u00e3o musical desta sexta-feira, na Festa do Pe\u00e3o de Cosmorama foi a dupla Cristhian e Ralf.<\/p>\n<p>Jovem pe\u00e3o de 17 anos morre pisoteado por touro.<\/p>\n<p>Uma trag\u00e9dia marcou a noite desta sexta-feira, na Festa do Pe\u00e3o de Cosm<span class=\"text_exposed_show\">orama. O jovem pe\u00e3o F\u00e1bio Quirino, 17 anos de idade, morreu ao cair e ser pisoteado pelo touro que ele montava.<\/span><\/p>\n<div class=\"text_exposed_show\">\n<p>Quirino era morador da pr\u00f3pria cidade onde ele montava e familiares do jovem presenciaram a trag\u00e9dia.<\/p>\n<p>Conforme informa\u00e7\u00f5es, o pe\u00e3o sofreu s\u00e9rias les\u00f5es no t\u00f3rax, pulm\u00e3o e pesco\u00e7o. Imediatamente, o pe\u00e3o foi atendido por param\u00e9dicos que estavam no recinto da Festa e socorrido ao Pronto Socorro de Cosmorama.<\/p>\n<p>Mas o jovem chegou sem vida ao hospital. O m\u00e9dico ainda tentou reanim\u00e1-lo por quase 40 minutos, mas em v\u00e3o.<\/p>\n<p>O seu corpo foi removido por volta da meia-noite deste s\u00e1bado, para o Instituto M\u00e9dico-Legal de Rio Preto, que ir\u00e1 apontar a causa da morte.<\/p>\n<p>A atra\u00e7\u00e3o musical desta sexta-feira, na Festa do Pe\u00e3o de Cosmorama foi a dupla Cristhian e Ralf.<\/p>\n<p><span style=\"color: #999999;\">Fonte: Votunews.com.br<\/span><\/p>\n<\/div>\n<\/div>\n","protected":false},"excerpt":{"rendered":"<p>Jovem pe\u00e3o de 17 anos morre pisoteado por touro. Uma trag\u00e9dia marcou a noite desta sexta-feira, na Festa do Pe\u00e3o de Cosmorama. O jovem pe\u00e3o F\u00e1bio Quirino, 17 anos de idade, morreu ao cair e ser pisoteado pelo touro que ele montava. Quirino era morador da pr\u00f3pria cidade onde ele montava e familiares do jovem [&hellip;]<\/p>\n","protected":false},"author":1,"featured_media":318,"comment_status":"open","ping_status":"open","sticky":false,"template":"","format":"standard","meta":{"footnotes":""},"categories":[2],"tags":[],"_links":{"self":[{"href":"https:\/\/www.merionline.com.br\/noticias\/wp-json\/wp\/v2\/posts\/317"}],"collection":[{"href":"https:\/\/www.merionline.com.br\/noticias\/wp-json\/wp\/v2\/posts"}],"about":[{"href":"https:\/\/www.merionline.com.br\/noticias\/wp-json\/wp\/v2\/types\/post"}],"author":[{"embeddable":true,"href":"https:\/\/www.merionline.com.br\/noticias\/wp-json\/wp\/v2\/users\/1"}],"replies":[{"embeddable":true,"href":"https:\/\/www.merionline.com.br\/noticias\/wp-json\/wp\/v2\/comments?post=317"}],"version-history":[{"count":1,"href":"https:\/\/www.merionline.com.br\/noticias\/wp-json\/wp\/v2\/posts\/317\/revisions"}],"predecessor-version":[{"id":319,"href":"https:\/\/www.merionline.com.br\/noticias\/wp-json\/wp\/v2\/posts\/317\/revisions\/319"}],"wp:featuredmedia":[{"embeddable":true,"href":"https:\/\/www.merionline.com.br\/noticias\/wp-json\/wp\/v2\/media\/318"}],"wp:attachment":[{"href":"https:\/\/www.merionline.com.br\/noticias\/wp-json\/wp\/v2\/media?parent=317"}],"wp:term":[{"taxonomy":"category","embeddable":true,"href":"https:\/\/www.merionline.com.br\/noticias\/wp-json\/wp\/v2\/categories?post=317"},{"taxonomy":"post_tag","embeddable":true,"href":"https:\/\/www.merionline.com.br\/noticias\/wp-json\/wp\/v2\/tags?post=317"}],"curies":[{"name":"wp","href":"https:\/\/api.w.org\/{rel}","templated":true}]}}