{"id":332,"date":"2016-11-09T10:14:36","date_gmt":"2016-11-09T12:14:36","guid":{"rendered":"http:\/\/www.merionline.com.br\/noticias\/?p=332"},"modified":"2016-11-09T10:14:36","modified_gmt":"2016-11-09T12:14:36","slug":"flores-do-principal-trevo-de-meridiano-sao-furtadas","status":"publish","type":"post","link":"https:\/\/www.merionline.com.br\/noticias\/flores-do-principal-trevo-de-meridiano-sao-furtadas\/","title":{"rendered":"Flores do principal trevo de Meridiano s\u00e3o furtadas"},"content":{"rendered":"<p>Revoltada com a situa\u00e7\u00e3o, uma funcion\u00e1ria da Prefeitura de Meridiano decidiu denunciar no Facebook o furto de flores ocorrido no principal trevo de acesso ao munic\u00edpio de Meridiano, regi\u00e3o de Fernand\u00f3polis.<br \/>\nEla conta que fez uma jardinagem para alegrar e dar uma boa impress\u00e3o para quem entra e sai ou passa no trevo da cidade. \u201cE de l\u00e1 cuidamos como se fosse o jardim de minha casa, mas pessoas sem amor pr\u00f3prio arrancando as nossas plantas. Mas atrav\u00e9s da pol\u00edcia Civil descobrimos um cidad\u00e3o. Mas tem mais,\u201d declarou Sandra Cruz.<\/p>\n<p>O RN obteve a informa\u00e7\u00e3o de que foi aberto inqu\u00e9rito policial para apurar o caso e que algu\u00e9m teria anotado a placa de um veiculo parado no local.<\/p>\n<p>Segundo informa\u00e7\u00f5es preliminares, o dono do carro foi localizado e parte das flores furtadas no trevo de Meridiano foi encontrada plantada no jardim de um fernandopolense que reside na zona sul da cidade.<\/p>\n<p>O nome ainda n\u00e3o foi divulgado pelas autoridades.<\/p>\n<p><span style=\"color: #999999;\">Fonte: Regi\u00e3onoroeste.com<\/span><\/p>\n","protected":false},"excerpt":{"rendered":"<p>Revoltada com a situa\u00e7\u00e3o, uma funcion\u00e1ria da Prefeitura de Meridiano decidiu denunciar no Facebook o furto de flores ocorrido no principal trevo de acesso ao munic\u00edpio de Meridiano, regi\u00e3o de Fernand\u00f3polis. Ela conta que fez uma jardinagem para alegrar e dar uma boa impress\u00e3o para quem entra e sai ou passa no trevo da cidade. [&hellip;]<\/p>\n","protected":false},"author":1,"featured_media":333,"comment_status":"open","ping_status":"open","sticky":false,"template":"","format":"standard","meta":{"footnotes":""},"categories":[3,6],"tags":[],"_links":{"self":[{"href":"https:\/\/www.merionline.com.br\/noticias\/wp-json\/wp\/v2\/posts\/332"}],"collection":[{"href":"https:\/\/www.merionline.com.br\/noticias\/wp-json\/wp\/v2\/posts"}],"about":[{"href":"https:\/\/www.merionline.com.br\/noticias\/wp-json\/wp\/v2\/types\/post"}],"author":[{"embeddable":true,"href":"https:\/\/www.merionline.com.br\/noticias\/wp-json\/wp\/v2\/users\/1"}],"replies":[{"embeddable":true,"href":"https:\/\/www.merionline.com.br\/noticias\/wp-json\/wp\/v2\/comments?post=332"}],"version-history":[{"count":1,"href":"https:\/\/www.merionline.com.br\/noticias\/wp-json\/wp\/v2\/posts\/332\/revisions"}],"predecessor-version":[{"id":334,"href":"https:\/\/www.merionline.com.br\/noticias\/wp-json\/wp\/v2\/posts\/332\/revisions\/334"}],"wp:featuredmedia":[{"embeddable":true,"href":"https:\/\/www.merionline.com.br\/noticias\/wp-json\/wp\/v2\/media\/333"}],"wp:attachment":[{"href":"https:\/\/www.merionline.com.br\/noticias\/wp-json\/wp\/v2\/media?parent=332"}],"wp:term":[{"taxonomy":"category","embeddable":true,"href":"https:\/\/www.merionline.com.br\/noticias\/wp-json\/wp\/v2\/categories?post=332"},{"taxonomy":"post_tag","embeddable":true,"href":"https:\/\/www.merionline.com.br\/noticias\/wp-json\/wp\/v2\/tags?post=332"}],"curies":[{"name":"wp","href":"https:\/\/api.w.org\/{rel}","templated":true}]}}