{"id":335,"date":"2016-11-09T23:48:30","date_gmt":"2016-11-10T01:48:30","guid":{"rendered":"http:\/\/www.merionline.com.br\/noticias\/?p=335"},"modified":"2016-11-09T23:48:30","modified_gmt":"2016-11-10T01:48:30","slug":"meridiano-ganha-mais-um-caminhao-de-lixo","status":"publish","type":"post","link":"https:\/\/www.merionline.com.br\/noticias\/meridiano-ganha-mais-um-caminhao-de-lixo\/","title":{"rendered":"MERIDIANO GANHA MAIS UM CAMINH\u00c3O DE LIXO"},"content":{"rendered":"<p>Apoiado pelo deputado Carl\u00e3o Pignatari, o prefeito Aristeu reivindicou junto \u00e0 Secretaria do Meio Ambiente, baseado na classifica\u00e7\u00e3o do programa munic\u00edpio verde e azul, a doa\u00e7\u00e3o de um caminh\u00e3o compactador de lixo, a fundo perdido, atrav\u00e9s do FECOP, cuja doa\u00e7\u00e3o foi deferida e o caminh\u00e3o j\u00e1 se encontra de posse da prefeitura.<\/p>\n<p>Foi destinada uma verba de R$.230.000,00 para a aquisi\u00e7\u00e3o desse bem, mas atrav\u00e9s de preg\u00e3o presencial, foi conseguido pelo valor de R$.214.000,00, economizando, portanto, o valor de R$.16.000,00, que servir\u00e1 para beneficiar outros munic\u00edpios.<\/p>\n<p>O prefeito Aristeu informa que se trata de um equipamento bem maior do que o atual, fazendo com que seja diminu\u00edda a quantidade de vezes em que o ve\u00edculo dever\u00e1 se locomover at\u00e9 o aterro sanit\u00e1rio para deposi\u00e7\u00e3o do material coletado, al\u00e9m de que, o antigo j\u00e1 estar demasiadamente usado, demandando diversas interven\u00e7\u00f5es em oficinas para reparos.<\/p>\n<p>O prefeito enfatizou que sem estas importantes ajudas, seria imposs\u00edvel a conquista de mais esse bem, tendo em vista que os minguados recursos do estado n\u00e3o est\u00e3o permitindo que o governo atenda satisfatoriamente aos munic\u00edpios, gerando uma disputa bastante acirrada, quando se vislumbra a possibilidade de se conseguir algum recurso.<\/p>\n<p>Com este ve\u00edculo, soma-se 25 equipamentos conseguidos pela atual administra\u00e7\u00e3o, 05 ve\u00edculos,\u00a0 03 caminh\u00f5es, 02 retroescavadeiras, 01 trator, 01 motoniveladora, 02 p\u00e1s carregadeiras, 06 \u00f4nibus escolares, 03 vans e 02 ambul\u00e2ncias.<\/p>\n<p>O prefeito salienta tamb\u00e9m que todos os demais ve\u00edculos e equipamentos da prefeitura mereceram aten\u00e7\u00e3o especial da atual gest\u00e3o, na manuten\u00e7\u00e3o com qualidade e em dia, estando todos em condi\u00e7\u00f5es excelentes de uso, inclusive uma p\u00e1 carregadeira que foi acidentada por uma composi\u00e7\u00e3o de trem, tida por perda total, mas n\u00e3o existia seguro da m\u00e1quina.<\/p>\n","protected":false},"excerpt":{"rendered":"<p>Apoiado pelo deputado Carl\u00e3o Pignatari, o prefeito Aristeu reivindicou junto \u00e0 Secretaria do Meio Ambiente, baseado na classifica\u00e7\u00e3o do programa munic\u00edpio verde e azul, a doa\u00e7\u00e3o de um caminh\u00e3o compactador de lixo, a fundo perdido, atrav\u00e9s do FECOP, cuja doa\u00e7\u00e3o foi deferida e o caminh\u00e3o j\u00e1 se encontra de posse da prefeitura. Foi destinada uma [&hellip;]<\/p>\n","protected":false},"author":1,"featured_media":336,"comment_status":"open","ping_status":"open","sticky":false,"template":"","format":"standard","meta":{"footnotes":""},"categories":[3],"tags":[],"_links":{"self":[{"href":"https:\/\/www.merionline.com.br\/noticias\/wp-json\/wp\/v2\/posts\/335"}],"collection":[{"href":"https:\/\/www.merionline.com.br\/noticias\/wp-json\/wp\/v2\/posts"}],"about":[{"href":"https:\/\/www.merionline.com.br\/noticias\/wp-json\/wp\/v2\/types\/post"}],"author":[{"embeddable":true,"href":"https:\/\/www.merionline.com.br\/noticias\/wp-json\/wp\/v2\/users\/1"}],"replies":[{"embeddable":true,"href":"https:\/\/www.merionline.com.br\/noticias\/wp-json\/wp\/v2\/comments?post=335"}],"version-history":[{"count":1,"href":"https:\/\/www.merionline.com.br\/noticias\/wp-json\/wp\/v2\/posts\/335\/revisions"}],"predecessor-version":[{"id":337,"href":"https:\/\/www.merionline.com.br\/noticias\/wp-json\/wp\/v2\/posts\/335\/revisions\/337"}],"wp:featuredmedia":[{"embeddable":true,"href":"https:\/\/www.merionline.com.br\/noticias\/wp-json\/wp\/v2\/media\/336"}],"wp:attachment":[{"href":"https:\/\/www.merionline.com.br\/noticias\/wp-json\/wp\/v2\/media?parent=335"}],"wp:term":[{"taxonomy":"category","embeddable":true,"href":"https:\/\/www.merionline.com.br\/noticias\/wp-json\/wp\/v2\/categories?post=335"},{"taxonomy":"post_tag","embeddable":true,"href":"https:\/\/www.merionline.com.br\/noticias\/wp-json\/wp\/v2\/tags?post=335"}],"curies":[{"name":"wp","href":"https:\/\/api.w.org\/{rel}","templated":true}]}}