{"id":428,"date":"2017-03-29T16:02:10","date_gmt":"2017-03-29T18:02:10","guid":{"rendered":"http:\/\/www.merionline.com.br\/noticias\/?p=428"},"modified":"2017-03-29T16:08:36","modified_gmt":"2017-03-29T18:08:36","slug":"deputado-carlao-pignatari-solicita-programa-melhor-caminho-para-duas-estradas-rurais-de-meridiano","status":"publish","type":"post","link":"https:\/\/www.merionline.com.br\/noticias\/deputado-carlao-pignatari-solicita-programa-melhor-caminho-para-duas-estradas-rurais-de-meridiano\/","title":{"rendered":"Deputado Carl\u00e3o Pignatari solicita Programa Melhor  Caminho para duas estradas rurais de Meridiano"},"content":{"rendered":"<div><span style=\"font-family: Arial;\">O deputado estadual Carl\u00e3o Pignatari (PSDB) e o prefeito de Meridiano Val Rizzato e sua esposa Alessandra, estiveram, nesta ter\u00e7a-feira (28), em audi\u00eancia com o secret\u00e1rio estadual de Agricultura e Abastecimento, Arnaldo Jardim. O prefeito Val pediu obras do Programa Melhor Caminho para duas estradas rurais do munic\u00edpio.<\/p>\n<p><\/span><\/div>\n<div><span style=\"font-family: Arial;\">Val explicou que uma das prioridades \u00e9 a execu\u00e7\u00e3o de melhorias na estrada que liga a cidade ao povoado de Santo Ant\u00f4nio do Viradouro, de aproximadamente 15 quil\u00f4metros. A outra estrada \u00e9 a de acesso entre Meridiano e Valentim Gentil, muito utilizada pela usina sucroalcooleira.\u00a0<\/span><\/div>\n<div><span style=\"font-family: Arial;\">\u00a0<\/span><\/div>\n<div><span style=\"font-family: Arial;\">O secret\u00e1rio Jardim orientou o prefeito a oficializar e priorizar em etapas. Pediu tamb\u00e9m para que mantenha entendimentos com a diretoria da usina para verificar a possibilidade de uma parceria para a realiza\u00e7\u00e3o das obras, j\u00e1 que a empresa utiliza a estrada com mais frequ\u00eancia, inclusive com caminh\u00f5es pesados, carregados de cana-de-a\u00e7\u00facar.<\/span><\/div>\n<div><span style=\"font-family: Arial;\">\u00a0<\/span><\/div>\n<div><span style=\"font-family: Arial;\">\u201cTemos ainda muitas estradas n\u00e3o pavimentadas no interior do Estado e que s\u00e3o de muita import\u00e2ncia no contexto econ\u00f4mico, para transportar a produ\u00e7\u00e3o agropecu\u00e1ria e tamb\u00e9m para tr\u00e1fego de ve\u00edculos que levam as pessoas, principalmente ambul\u00e2ncias e carros de transporte escolar\u201d, avalia o deputado Carl\u00e3o Pignatari.<\/span><\/div>\n","protected":false},"excerpt":{"rendered":"<p>O deputado estadual Carl\u00e3o Pignatari (PSDB) e o prefeito de Meridiano Val Rizzato e sua esposa Alessandra, estiveram, nesta ter\u00e7a-feira (28), em audi\u00eancia com o secret\u00e1rio estadual de Agricultura e Abastecimento, Arnaldo Jardim. O prefeito Val pediu obras do Programa Melhor Caminho para duas estradas rurais do munic\u00edpio. Val explicou que uma das prioridades \u00e9 [&hellip;]<\/p>\n","protected":false},"author":1,"featured_media":429,"comment_status":"open","ping_status":"open","sticky":false,"template":"","format":"standard","meta":{"footnotes":""},"categories":[3,6],"tags":[],"_links":{"self":[{"href":"https:\/\/www.merionline.com.br\/noticias\/wp-json\/wp\/v2\/posts\/428"}],"collection":[{"href":"https:\/\/www.merionline.com.br\/noticias\/wp-json\/wp\/v2\/posts"}],"about":[{"href":"https:\/\/www.merionline.com.br\/noticias\/wp-json\/wp\/v2\/types\/post"}],"author":[{"embeddable":true,"href":"https:\/\/www.merionline.com.br\/noticias\/wp-json\/wp\/v2\/users\/1"}],"replies":[{"embeddable":true,"href":"https:\/\/www.merionline.com.br\/noticias\/wp-json\/wp\/v2\/comments?post=428"}],"version-history":[{"count":1,"href":"https:\/\/www.merionline.com.br\/noticias\/wp-json\/wp\/v2\/posts\/428\/revisions"}],"predecessor-version":[{"id":430,"href":"https:\/\/www.merionline.com.br\/noticias\/wp-json\/wp\/v2\/posts\/428\/revisions\/430"}],"wp:featuredmedia":[{"embeddable":true,"href":"https:\/\/www.merionline.com.br\/noticias\/wp-json\/wp\/v2\/media\/429"}],"wp:attachment":[{"href":"https:\/\/www.merionline.com.br\/noticias\/wp-json\/wp\/v2\/media?parent=428"}],"wp:term":[{"taxonomy":"category","embeddable":true,"href":"https:\/\/www.merionline.com.br\/noticias\/wp-json\/wp\/v2\/categories?post=428"},{"taxonomy":"post_tag","embeddable":true,"href":"https:\/\/www.merionline.com.br\/noticias\/wp-json\/wp\/v2\/tags?post=428"}],"curies":[{"name":"wp","href":"https:\/\/api.w.org\/{rel}","templated":true}]}}