{"id":431,"date":"2017-03-29T16:08:11","date_gmt":"2017-03-29T18:08:11","guid":{"rendered":"http:\/\/www.merionline.com.br\/noticias\/?p=431"},"modified":"2017-03-29T16:08:11","modified_gmt":"2017-03-29T18:08:11","slug":"deputado-carlao-pignatari-pede-programas-da-secretaria-de-emprego-e-trabalho-para-meridiano-e-vitoria-brasil","status":"publish","type":"post","link":"https:\/\/www.merionline.com.br\/noticias\/deputado-carlao-pignatari-pede-programas-da-secretaria-de-emprego-e-trabalho-para-meridiano-e-vitoria-brasil\/","title":{"rendered":"Deputado Carl\u00e3o Pignatari pede programas da Secretaria  de Emprego e Trabalho para Meridiano e Vit\u00f3ria Brasil"},"content":{"rendered":"<div><span style=\"font-family: Arial;\">O deputado estadual Carl\u00e3o Pignatari (PSDB) acompanhou os prefeitos Val Rizzato, de Meridiano, e Ana L\u00facia Olhier M\u00f3dulo, de Vit\u00f3ria Brasil, a audi\u00eancia com o secret\u00e1rio estadual de Emprego e Rela\u00e7\u00f5es do Trabalho, Jos\u00e9 Luiz Ribeiro, nesta ter\u00e7a-feira (28). Eles foram solicitar a libera\u00e7\u00e3o de recursos para implanta\u00e7\u00e3o do Programa Estadual de Qualifica\u00e7\u00e3o Profissional, Frente de Trabalho, al\u00e9m do Time do Emprego.\u00a0<\/span><\/div>\n<div><span style=\"font-family: Arial;\">\u00a0<\/span><\/div>\n<div><span style=\"font-family: Arial;\">Os prefeitos Val e Ana L\u00facia, de acordo com o deputado Carl\u00e3o, desejam implantar programas da SERT que estimulem a qualifica\u00e7\u00e3o da popula\u00e7\u00e3o desempregada, direcionando-a ao mercado de trabalho com maiores chances.<\/span><\/div>\n<div><span style=\"font-family: Arial;\">\u00a0<\/span><\/div>\n<div><span style=\"font-family: Arial;\">Carl\u00e3o explicou que o Programa Estadual de Qualifica\u00e7\u00e3o Profissional (PEQ) beneficia tanto o mercado de trabalho quanto as pessoas que procuram emprego. Os cursos foram definidos de acordo com os segmentos com maior demanda e atendem cidad\u00e3os que est\u00e3o no auge da capacidade produtiva, t\u00eam grandes responsabilidades familiares e menos chance de voltarem para a escola.<\/span><\/div>\n<div><span style=\"font-family: Arial;\">\u00a0<\/span><\/div>\n<div><span style=\"font-family: Arial;\">\u00c9 voltado, prioritariamente, para quem est\u00e1 desempregado, tem entre 30 e 59 anos e n\u00e3o concluiu o ensino fundamental. \u201cEssa \u00e9 a faixa populacional que tem mais dificuldade em encontrar emprego\u201d, destaca o deputado.<\/span><\/div>\n<div><span style=\"font-family: Arial;\">\u00a0<\/span><\/div>\n<div><span style=\"font-family: Arial;\">A SERT tamb\u00e9m tem inten\u00e7\u00e3o de reativar os PATs, para que os trabalhadores possam ter uma melhor assist\u00eancia e orienta\u00e7\u00e3o. Al\u00e9m disso, o secret\u00e1rio Jos\u00e9 Luiz comentou sobre a inten\u00e7\u00e3o de retomar o programa economia solid\u00e1ria.<\/span><\/div>\n<div><span style=\"font-family: Arial;\">\u00a0<\/span><\/div>\n<div><span style=\"font-family: Arial;\">\u201cNossa inten\u00e7\u00e3o \u00e9 oferecer ao trabalhador novas oportunidades, fomentando a gera\u00e7\u00e3o de trabalho e renda. Por isso, temos que estimular os programas e servi\u00e7os de intermedia\u00e7\u00e3o de m\u00e3o-de-obra, de qualifica\u00e7\u00e3o e requalifica\u00e7\u00e3o profissional e atendimento ao trabalhador\u201d, comentou o deputado Carl\u00e3o Pignatari.<\/span><\/div>\n","protected":false},"excerpt":{"rendered":"<p>O deputado estadual Carl\u00e3o Pignatari (PSDB) acompanhou os prefeitos Val Rizzato, de Meridiano, e Ana L\u00facia Olhier M\u00f3dulo, de Vit\u00f3ria Brasil, a audi\u00eancia com o secret\u00e1rio estadual de Emprego e Rela\u00e7\u00f5es do Trabalho, Jos\u00e9 Luiz Ribeiro, nesta ter\u00e7a-feira (28). Eles foram solicitar a libera\u00e7\u00e3o de recursos para implanta\u00e7\u00e3o do Programa Estadual de Qualifica\u00e7\u00e3o Profissional, Frente [&hellip;]<\/p>\n","protected":false},"author":1,"featured_media":432,"comment_status":"open","ping_status":"open","sticky":false,"template":"","format":"standard","meta":{"footnotes":""},"categories":[3],"tags":[],"_links":{"self":[{"href":"https:\/\/www.merionline.com.br\/noticias\/wp-json\/wp\/v2\/posts\/431"}],"collection":[{"href":"https:\/\/www.merionline.com.br\/noticias\/wp-json\/wp\/v2\/posts"}],"about":[{"href":"https:\/\/www.merionline.com.br\/noticias\/wp-json\/wp\/v2\/types\/post"}],"author":[{"embeddable":true,"href":"https:\/\/www.merionline.com.br\/noticias\/wp-json\/wp\/v2\/users\/1"}],"replies":[{"embeddable":true,"href":"https:\/\/www.merionline.com.br\/noticias\/wp-json\/wp\/v2\/comments?post=431"}],"version-history":[{"count":1,"href":"https:\/\/www.merionline.com.br\/noticias\/wp-json\/wp\/v2\/posts\/431\/revisions"}],"predecessor-version":[{"id":433,"href":"https:\/\/www.merionline.com.br\/noticias\/wp-json\/wp\/v2\/posts\/431\/revisions\/433"}],"wp:featuredmedia":[{"embeddable":true,"href":"https:\/\/www.merionline.com.br\/noticias\/wp-json\/wp\/v2\/media\/432"}],"wp:attachment":[{"href":"https:\/\/www.merionline.com.br\/noticias\/wp-json\/wp\/v2\/media?parent=431"}],"wp:term":[{"taxonomy":"category","embeddable":true,"href":"https:\/\/www.merionline.com.br\/noticias\/wp-json\/wp\/v2\/categories?post=431"},{"taxonomy":"post_tag","embeddable":true,"href":"https:\/\/www.merionline.com.br\/noticias\/wp-json\/wp\/v2\/tags?post=431"}],"curies":[{"name":"wp","href":"https:\/\/api.w.org\/{rel}","templated":true}]}}