{"id":471,"date":"2019-06-05T16:14:37","date_gmt":"2019-06-05T18:14:37","guid":{"rendered":"http:\/\/www.merionline.com.br\/noticias\/?p=471"},"modified":"2020-02-14T16:16:39","modified_gmt":"2020-02-14T18:16:39","slug":"contrato-do-medico-noturno-vence-e-nao-e-renovado","status":"publish","type":"post","link":"https:\/\/www.merionline.com.br\/noticias\/contrato-do-medico-noturno-vence-e-nao-e-renovado\/","title":{"rendered":"Contrato do M\u00e9dico noturno vence e n\u00e3o \u00e9 renovado"},"content":{"rendered":"<p>M\u00e9dico que atendia no hor\u00e1rio da noite n\u00e3o vai mais prestar servi\u00e7os para o munic\u00edpio a partir de amanh\u00e3, o contrato do Dr\u00b0 Everson Silveira venceu e n\u00e3o houve renova\u00e7\u00e3o autom\u00e1tica, a prefeitura optou por &#8220;Licita\u00e7\u00e3o&#8221; para nova contrata\u00e7\u00e3o. O m\u00e9dico ja pensava em montar um consult\u00f3rio na cidade de Valentim Gentil na \u00e1rea de Ortopedia assim que vencesse o contrato. Em sua rede social o m\u00e9dico destacou a alegria e satisfa\u00e7\u00e3o de ter prestado servi\u00e7os para a cidade. &#8220;Fico com a sensa\u00e7\u00e3o de dever cumprido e a satisfa\u00e7\u00e3o que fiz o meu melhor trabalho&#8221;, destacou.<\/p>\n<p><img loading=\"lazy\" decoding=\"async\" class=\"aligncenter size-medium wp-image-472\" src=\"https:\/\/www.merionline.com.br\/noticias\/wp-content\/uploads\/2020\/02\/14542540_1275617495791051_6932963148641894329_o-300x222.jpg\" alt=\"14542540_1275617495791051_6932963148641894329_o\" width=\"300\" height=\"222\" srcset=\"https:\/\/www.merionline.com.br\/noticias\/wp-content\/uploads\/2020\/02\/14542540_1275617495791051_6932963148641894329_o-300x222.jpg 300w, https:\/\/www.merionline.com.br\/noticias\/wp-content\/uploads\/2020\/02\/14542540_1275617495791051_6932963148641894329_o-768x567.jpg 768w, https:\/\/www.merionline.com.br\/noticias\/wp-content\/uploads\/2020\/02\/14542540_1275617495791051_6932963148641894329_o.jpg 960w\" sizes=\"(max-width: 300px) 100vw, 300px\" \/><\/p>\n","protected":false},"excerpt":{"rendered":"<p>M\u00e9dico que atendia no hor\u00e1rio da noite n\u00e3o vai mais prestar servi\u00e7os para o munic\u00edpio a partir de amanh\u00e3, o contrato do Dr\u00b0 Everson Silveira venceu e n\u00e3o houve renova\u00e7\u00e3o autom\u00e1tica, a prefeitura optou por &#8220;Licita\u00e7\u00e3o&#8221; para nova contrata\u00e7\u00e3o. O m\u00e9dico ja pensava em montar um consult\u00f3rio na cidade de Valentim Gentil na \u00e1rea de [&hellip;]<\/p>\n","protected":false},"author":1,"featured_media":472,"comment_status":"open","ping_status":"open","sticky":false,"template":"","format":"standard","meta":{"footnotes":""},"categories":[3,6],"tags":[],"_links":{"self":[{"href":"https:\/\/www.merionline.com.br\/noticias\/wp-json\/wp\/v2\/posts\/471"}],"collection":[{"href":"https:\/\/www.merionline.com.br\/noticias\/wp-json\/wp\/v2\/posts"}],"about":[{"href":"https:\/\/www.merionline.com.br\/noticias\/wp-json\/wp\/v2\/types\/post"}],"author":[{"embeddable":true,"href":"https:\/\/www.merionline.com.br\/noticias\/wp-json\/wp\/v2\/users\/1"}],"replies":[{"embeddable":true,"href":"https:\/\/www.merionline.com.br\/noticias\/wp-json\/wp\/v2\/comments?post=471"}],"version-history":[{"count":1,"href":"https:\/\/www.merionline.com.br\/noticias\/wp-json\/wp\/v2\/posts\/471\/revisions"}],"predecessor-version":[{"id":473,"href":"https:\/\/www.merionline.com.br\/noticias\/wp-json\/wp\/v2\/posts\/471\/revisions\/473"}],"wp:featuredmedia":[{"embeddable":true,"href":"https:\/\/www.merionline.com.br\/noticias\/wp-json\/wp\/v2\/media\/472"}],"wp:attachment":[{"href":"https:\/\/www.merionline.com.br\/noticias\/wp-json\/wp\/v2\/media?parent=471"}],"wp:term":[{"taxonomy":"category","embeddable":true,"href":"https:\/\/www.merionline.com.br\/noticias\/wp-json\/wp\/v2\/categories?post=471"},{"taxonomy":"post_tag","embeddable":true,"href":"https:\/\/www.merionline.com.br\/noticias\/wp-json\/wp\/v2\/tags?post=471"}],"curies":[{"name":"wp","href":"https:\/\/api.w.org\/{rel}","templated":true}]}}