{"id":486,"date":"2019-07-19T16:31:21","date_gmt":"2019-07-19T18:31:21","guid":{"rendered":"http:\/\/www.merionline.com.br\/noticias\/?p=486"},"modified":"2020-02-14T16:33:01","modified_gmt":"2020-02-14T18:33:01","slug":"candidato-do-psdb-diz-ser-vitima-de-fake-news","status":"publish","type":"post","link":"https:\/\/www.merionline.com.br\/noticias\/candidato-do-psdb-diz-ser-vitima-de-fake-news\/","title":{"rendered":"Candidato do PSDB diz ser v\u00edtima de Fake News"},"content":{"rendered":"<blockquote><p>\u201cQuerem vantagem eleitoral numa clara demonstra\u00e7\u00e3o de desrespeito\u201d, diz Aristeu Baldin<\/p><\/blockquote>\n<p>Candidato ao cargo de prefeito de Meridiano destaca que n\u00e3o h\u00e1 inqu\u00e9rito e nem processo que estejam o impedindo de disputar a elei\u00e7\u00e3o suplementar.<\/p>\n<p><em>Da Reda\u00e7\u00e3o\u00a0<\/em><\/p>\n<p>No m\u00eas de julho, Meridiano, munic\u00edpio localizado a 14 quil\u00f4metros de Fernand\u00f3polis, est\u00e1 em \u201cclima de campanha eleitoral\u201d, em virtude da elei\u00e7\u00e3o suplementar para prefeito, marcada para o pr\u00f3ximo dia 4 de agosto, e \u201cintrigas pol\u00edticas\u201d j\u00e1 come\u00e7aram. O ex-prefeito Aristeu Baldin, que novamente \u00e9 candidato ao cargo, diz estar sendo atacado por fake news. Em nota enviada \u00e0 reportagem, Aristeu salienta que est\u00e3o veiculando nas m\u00eddias sociais que o registro de sua campanha foi impugnado.<\/p>\n<p>Segundo apurou a reportagem, uma impugna\u00e7\u00e3o tempor\u00e1ria ocorreu por falta de documento, por um registro que ocorreu em 2005, que j\u00e1 foi arquivado como consta em certid\u00e3o, sem ter gerado algum tipo de condena\u00e7\u00e3o, tendo em vista que foi uma investiga\u00e7\u00e3o juntamente com outras 48 pessoas clientes de um profissional que n\u00e3o declarou e nem pagou os impostos devidos.<\/p>\n<p><strong>NOTA<\/strong><\/p>\n<p>\u201cNestes casos a Justi\u00e7a exige uma certid\u00e3o de inteiro teor. Se o processo ainda estivesse em andamento, essa certid\u00e3o seria emitida de imediato. No entanto, como j\u00e1 est\u00e1 arquivado em Jundia\u00ed, a demora \u00e9 de 10 a 20 dias para conseguirmos a referida certid\u00e3o. Recorremos, como lembrado no pr\u00f3prio parecer do juiz, conforme documento.<\/p>\n<p>O que tamb\u00e9m est\u00e1 prejudicando \u00e9 que a campanha e o tempo para juntada da documenta\u00e7\u00e3o s\u00e3o muito curtos, al\u00e9m do que, embora o registro seja de 2005, fomos candidatos nas elei\u00e7\u00f5es de 2008 e em 2012, quando vencemos e n\u00e3o tivemos nenhum problema. Este fato, no entanto n\u00e3o prejudicar\u00e1 a campanha, como contido no despacho do pr\u00f3prio juiz, que frisa que n\u00e3o haver\u00e1 qualquer preju\u00edzo ao candidato, podendo efetuar todos os atos em rela\u00e7\u00e3o \u00e0 campanha.<\/p>\n<p>Quem entende um pouquinho de direito sabe que \u00e9 um procedimento normal, que maldosamente est\u00e3o aproveitando para tirarem vantagens eleitoreiras numa clara demonstra\u00e7\u00e3o de desrespeito e desespero. Podem confiar, porque n\u00e3o precisamos enganar ningu\u00e9m para ganharmos as elei\u00e7\u00f5es e no dia 4 de agosto vamos comemorar a nossa vit\u00f3ria\u201d, destaca Aristeu Baldin, em nota.<\/p>\n<p><strong>ELEI\u00c7\u00c3O SUPLEMENTAR<\/strong><\/p>\n<p>A elei\u00e7\u00e3o suplementar ser\u00e1 realizada no dia 4 de agosto de 2019, de acordo com a decis\u00e3o da Justi\u00e7a Eleitoral. Aristeu Baldin e Maicon Fabiano (prefeito interino) disputam o pleito.<\/p>\n<p>O prefeito interino assumiu a Prefeitura no in\u00edcio de abril deste ano ap\u00f3s o TSE (Tribunal Superior Eleitoral) cassar definitivamente o prefeito Val Rizatto (PSDB) e a vice, M\u00e1rcia Adriano (PTN). Eles foram condenados por compra de votos.<\/p>\n<p><img loading=\"lazy\" decoding=\"async\" class=\"aligncenter size-medium wp-image-487\" src=\"https:\/\/www.merionline.com.br\/noticias\/wp-content\/uploads\/2020\/02\/78edcadb4ccb704033d37ebc9b6ec051___medialibrary_original_800_499-300x187.jpg\" alt=\"78edcadb4ccb704033d37ebc9b6ec051___medialibrary_original_800_499\" width=\"300\" height=\"187\" srcset=\"https:\/\/www.merionline.com.br\/noticias\/wp-content\/uploads\/2020\/02\/78edcadb4ccb704033d37ebc9b6ec051___medialibrary_original_800_499-300x187.jpg 300w, https:\/\/www.merionline.com.br\/noticias\/wp-content\/uploads\/2020\/02\/78edcadb4ccb704033d37ebc9b6ec051___medialibrary_original_800_499-768x479.jpg 768w, https:\/\/www.merionline.com.br\/noticias\/wp-content\/uploads\/2020\/02\/78edcadb4ccb704033d37ebc9b6ec051___medialibrary_original_800_499.jpg 800w\" sizes=\"(max-width: 300px) 100vw, 300px\" \/><\/p>\n","protected":false},"excerpt":{"rendered":"<p>\u201cQuerem vantagem eleitoral numa clara demonstra\u00e7\u00e3o de desrespeito\u201d, diz Aristeu Baldin Candidato ao cargo de prefeito de Meridiano destaca que n\u00e3o h\u00e1 inqu\u00e9rito e nem processo que estejam o impedindo de disputar a elei\u00e7\u00e3o suplementar. Da Reda\u00e7\u00e3o\u00a0 No m\u00eas de julho, Meridiano, munic\u00edpio localizado a 14 quil\u00f4metros de Fernand\u00f3polis, est\u00e1 em \u201cclima de campanha eleitoral\u201d, [&hellip;]<\/p>\n","protected":false},"author":1,"featured_media":487,"comment_status":"open","ping_status":"open","sticky":false,"template":"","format":"standard","meta":{"footnotes":""},"categories":[3,6],"tags":[],"_links":{"self":[{"href":"https:\/\/www.merionline.com.br\/noticias\/wp-json\/wp\/v2\/posts\/486"}],"collection":[{"href":"https:\/\/www.merionline.com.br\/noticias\/wp-json\/wp\/v2\/posts"}],"about":[{"href":"https:\/\/www.merionline.com.br\/noticias\/wp-json\/wp\/v2\/types\/post"}],"author":[{"embeddable":true,"href":"https:\/\/www.merionline.com.br\/noticias\/wp-json\/wp\/v2\/users\/1"}],"replies":[{"embeddable":true,"href":"https:\/\/www.merionline.com.br\/noticias\/wp-json\/wp\/v2\/comments?post=486"}],"version-history":[{"count":1,"href":"https:\/\/www.merionline.com.br\/noticias\/wp-json\/wp\/v2\/posts\/486\/revisions"}],"predecessor-version":[{"id":488,"href":"https:\/\/www.merionline.com.br\/noticias\/wp-json\/wp\/v2\/posts\/486\/revisions\/488"}],"wp:featuredmedia":[{"embeddable":true,"href":"https:\/\/www.merionline.com.br\/noticias\/wp-json\/wp\/v2\/media\/487"}],"wp:attachment":[{"href":"https:\/\/www.merionline.com.br\/noticias\/wp-json\/wp\/v2\/media?parent=486"}],"wp:term":[{"taxonomy":"category","embeddable":true,"href":"https:\/\/www.merionline.com.br\/noticias\/wp-json\/wp\/v2\/categories?post=486"},{"taxonomy":"post_tag","embeddable":true,"href":"https:\/\/www.merionline.com.br\/noticias\/wp-json\/wp\/v2\/tags?post=486"}],"curies":[{"name":"wp","href":"https:\/\/api.w.org\/{rel}","templated":true}]}}