{"id":494,"date":"2019-10-01T16:37:54","date_gmt":"2019-10-01T18:37:54","guid":{"rendered":"http:\/\/www.merionline.com.br\/noticias\/?p=494"},"modified":"2020-02-14T16:42:29","modified_gmt":"2020-02-14T18:42:29","slug":"diretor-da-saude-de-meridiano-e-exonerado-de-seu-cargo","status":"publish","type":"post","link":"https:\/\/www.merionline.com.br\/noticias\/diretor-da-saude-de-meridiano-e-exonerado-de-seu-cargo\/","title":{"rendered":"Diretor da Sa\u00fade de Meridiano \u00e9 exonerado de seu cargo"},"content":{"rendered":"<p>&#8220;Diretor da Sa\u00fade de Meridiano \u00e9 exonerado de seu cargo&#8221;<\/p>\n<p>Lucio Binati trabalha na sa\u00fade a mais de 18 anos, ficou na frente da secret\u00e1ria da sa\u00fade nos \u00faltimos 2 anos.<\/p>\n<p>Foi divulgado agora pouco (01\/10) no di\u00e1rio oficial o novo secret\u00e1rio da Sa\u00fade, o Sr\u00ba ALCIR REGIS NUNES.<\/p>\n<div class=\"text_exposed_show\">\n<p>MAICON FABIANO DE OLIVEIRA, Prefeito do Munic\u00edpio de Meridiano, Estado de S\u00e3o Paulo, no uso de suas atribui\u00e7\u00f5es que lhe s\u00e3o conferidas por lei, NOMEIA, a partir desta data, o senhor ALCIR REGIS NUNES, portador do RG. n\u00ba xxxxxxxxx -SSP\/SP \u2013 CPF\/MF n\u00ba. xxxxxxxxxx , para exercer o cargo de \u201cSECRET\u00c1RIO MUNICIPAL DE SA\u00daDE\u201d, em regime integral, detentor do cargo de Agente Pol\u00edtico, com vencimentos de R$ 4.500,00 (quatro mil e quinhentos reais), mensais de que trata a Lei Complementar n\u00ba 154, de 07 de maio de 2019.<\/p>\n<\/div>\n<p>&nbsp;<\/p>\n<p><img loading=\"lazy\" decoding=\"async\" class=\"aligncenter size-medium wp-image-497\" src=\"https:\/\/www.merionline.com.br\/noticias\/wp-content\/uploads\/2019\/10\/12088057_756402414488266_2368063226417253403_n-300x169.jpg\" alt=\"12088057_756402414488266_2368063226417253403_n\" width=\"300\" height=\"169\" srcset=\"https:\/\/www.merionline.com.br\/noticias\/wp-content\/uploads\/2019\/10\/12088057_756402414488266_2368063226417253403_n-300x169.jpg 300w, https:\/\/www.merionline.com.br\/noticias\/wp-content\/uploads\/2019\/10\/12088057_756402414488266_2368063226417253403_n-768x432.jpg 768w, https:\/\/www.merionline.com.br\/noticias\/wp-content\/uploads\/2019\/10\/12088057_756402414488266_2368063226417253403_n-640x360.jpg 640w, https:\/\/www.merionline.com.br\/noticias\/wp-content\/uploads\/2019\/10\/12088057_756402414488266_2368063226417253403_n-320x180.jpg 320w, https:\/\/www.merionline.com.br\/noticias\/wp-content\/uploads\/2019\/10\/12088057_756402414488266_2368063226417253403_n.jpg 960w\" sizes=\"(max-width: 300px) 100vw, 300px\" \/><\/p>\n","protected":false},"excerpt":{"rendered":"<p>&#8220;Diretor da Sa\u00fade de Meridiano \u00e9 exonerado de seu cargo&#8221; Lucio Binati trabalha na sa\u00fade a mais de 18 anos, ficou na frente da secret\u00e1ria da sa\u00fade nos \u00faltimos 2 anos. Foi divulgado agora pouco (01\/10) no di\u00e1rio oficial o novo secret\u00e1rio da Sa\u00fade, o Sr\u00ba ALCIR REGIS NUNES. MAICON FABIANO DE OLIVEIRA, Prefeito do [&hellip;]<\/p>\n","protected":false},"author":1,"featured_media":497,"comment_status":"open","ping_status":"open","sticky":false,"template":"","format":"standard","meta":{"footnotes":""},"categories":[3,6],"tags":[],"_links":{"self":[{"href":"https:\/\/www.merionline.com.br\/noticias\/wp-json\/wp\/v2\/posts\/494"}],"collection":[{"href":"https:\/\/www.merionline.com.br\/noticias\/wp-json\/wp\/v2\/posts"}],"about":[{"href":"https:\/\/www.merionline.com.br\/noticias\/wp-json\/wp\/v2\/types\/post"}],"author":[{"embeddable":true,"href":"https:\/\/www.merionline.com.br\/noticias\/wp-json\/wp\/v2\/users\/1"}],"replies":[{"embeddable":true,"href":"https:\/\/www.merionline.com.br\/noticias\/wp-json\/wp\/v2\/comments?post=494"}],"version-history":[{"count":2,"href":"https:\/\/www.merionline.com.br\/noticias\/wp-json\/wp\/v2\/posts\/494\/revisions"}],"predecessor-version":[{"id":498,"href":"https:\/\/www.merionline.com.br\/noticias\/wp-json\/wp\/v2\/posts\/494\/revisions\/498"}],"wp:featuredmedia":[{"embeddable":true,"href":"https:\/\/www.merionline.com.br\/noticias\/wp-json\/wp\/v2\/media\/497"}],"wp:attachment":[{"href":"https:\/\/www.merionline.com.br\/noticias\/wp-json\/wp\/v2\/media?parent=494"}],"wp:term":[{"taxonomy":"category","embeddable":true,"href":"https:\/\/www.merionline.com.br\/noticias\/wp-json\/wp\/v2\/categories?post=494"},{"taxonomy":"post_tag","embeddable":true,"href":"https:\/\/www.merionline.com.br\/noticias\/wp-json\/wp\/v2\/tags?post=494"}],"curies":[{"name":"wp","href":"https:\/\/api.w.org\/{rel}","templated":true}]}}