{"id":503,"date":"2019-10-07T16:45:53","date_gmt":"2019-10-07T18:45:53","guid":{"rendered":"http:\/\/www.merionline.com.br\/noticias\/?p=503"},"modified":"2020-02-15T20:06:23","modified_gmt":"2020-02-15T23:06:23","slug":"presidente-da-camara-municipal-de-meridiano-e-afastado","status":"publish","type":"post","link":"https:\/\/www.merionline.com.br\/noticias\/presidente-da-camara-municipal-de-meridiano-e-afastado\/","title":{"rendered":"Presidente da C\u00e2mara \u00e9 afastado ap\u00f3s ser acusado de ass\u00e9dio sexual"},"content":{"rendered":"<p><em>Den\u00fancia foi feita por uma funcion\u00e1ria p\u00fablica<\/em><\/p>\n<p>&nbsp;<\/p>\n<p>Da Reda\u00e7\u00e3o<\/p>\n<p>Na noite desta segunda-feira, dia 7, o presidente da C\u00e2mara Municipal de Meridiano, munic\u00edpio localizado a 14 quil\u00f4metros de Fernand\u00f3polis, foi afastado do cargo ap\u00f3s den\u00fancia de ass\u00e9dio sexual feita por uma funcion\u00e1ria p\u00fablica.<\/p>\n<p>Segundo apurou a reportagem, por 7 votos a 1, o Legislativo tamb\u00e9m aprovou a cria\u00e7\u00e3o de uma CEI (Comiss\u00e3o Especial de Investiga\u00e7\u00e3o) para investigar o caso. A den\u00fancia surgiu nos minutos finais da sess\u00e3o ordin\u00e1ria, realizada na segunda-feira.<\/p>\n<p>Alguns vereadores est\u00e3o em posse de provas fornecidas pela funcion\u00e1ria, que n\u00e3o teve o nome revelado.<\/p>\n<p>O vice-presidente Cl\u00e1udio Tranqueira assume a presid\u00eancia da C\u00e2mara Municipal enquanto os fatos s\u00e3o apurados. Caso seja comprovado, o vereador acusado pode ser cassado e ainda responder pelo crime na Justi\u00e7a. A reportagem tentou entrar em contato com ele, por\u00e9m, as liga\u00e7\u00f5es n\u00e3o foram atendidas.<\/p>\n<p><img loading=\"lazy\" decoding=\"async\" class=\"aligncenter size-full wp-image-329\" src=\"https:\/\/www.merionline.com.br\/noticias\/wp-content\/uploads\/2016\/10\/marciano.fw_.png\" alt=\"marciano-fw\" width=\"800\" height=\"548\" srcset=\"https:\/\/www.merionline.com.br\/noticias\/wp-content\/uploads\/2016\/10\/marciano.fw_.png 800w, https:\/\/www.merionline.com.br\/noticias\/wp-content\/uploads\/2016\/10\/marciano.fw_-300x206.png 300w, https:\/\/www.merionline.com.br\/noticias\/wp-content\/uploads\/2016\/10\/marciano.fw_-768x526.png 768w\" sizes=\"(max-width: 800px) 100vw, 800px\" \/><\/p>\n<p>Fonte: Merionline\/Oextra.net<\/p>\n","protected":false},"excerpt":{"rendered":"<p>Den\u00fancia foi feita por uma funcion\u00e1ria p\u00fablica &nbsp; Da Reda\u00e7\u00e3o Na noite desta segunda-feira, dia 7, o presidente da C\u00e2mara Municipal de Meridiano, munic\u00edpio localizado a 14 quil\u00f4metros de Fernand\u00f3polis, foi afastado do cargo ap\u00f3s den\u00fancia de ass\u00e9dio sexual feita por uma funcion\u00e1ria p\u00fablica. Segundo apurou a reportagem, por 7 votos a 1, o Legislativo [&hellip;]<\/p>\n","protected":false},"author":1,"featured_media":329,"comment_status":"open","ping_status":"open","sticky":false,"template":"","format":"standard","meta":{"footnotes":""},"categories":[3,6],"tags":[],"_links":{"self":[{"href":"https:\/\/www.merionline.com.br\/noticias\/wp-json\/wp\/v2\/posts\/503"}],"collection":[{"href":"https:\/\/www.merionline.com.br\/noticias\/wp-json\/wp\/v2\/posts"}],"about":[{"href":"https:\/\/www.merionline.com.br\/noticias\/wp-json\/wp\/v2\/types\/post"}],"author":[{"embeddable":true,"href":"https:\/\/www.merionline.com.br\/noticias\/wp-json\/wp\/v2\/users\/1"}],"replies":[{"embeddable":true,"href":"https:\/\/www.merionline.com.br\/noticias\/wp-json\/wp\/v2\/comments?post=503"}],"version-history":[{"count":3,"href":"https:\/\/www.merionline.com.br\/noticias\/wp-json\/wp\/v2\/posts\/503\/revisions"}],"predecessor-version":[{"id":591,"href":"https:\/\/www.merionline.com.br\/noticias\/wp-json\/wp\/v2\/posts\/503\/revisions\/591"}],"wp:featuredmedia":[{"embeddable":true,"href":"https:\/\/www.merionline.com.br\/noticias\/wp-json\/wp\/v2\/media\/329"}],"wp:attachment":[{"href":"https:\/\/www.merionline.com.br\/noticias\/wp-json\/wp\/v2\/media?parent=503"}],"wp:term":[{"taxonomy":"category","embeddable":true,"href":"https:\/\/www.merionline.com.br\/noticias\/wp-json\/wp\/v2\/categories?post=503"},{"taxonomy":"post_tag","embeddable":true,"href":"https:\/\/www.merionline.com.br\/noticias\/wp-json\/wp\/v2\/tags?post=503"}],"curies":[{"name":"wp","href":"https:\/\/api.w.org\/{rel}","templated":true}]}}