{"id":505,"date":"2019-10-08T16:49:27","date_gmt":"2019-10-08T18:49:27","guid":{"rendered":"http:\/\/www.merionline.com.br\/noticias\/?p=505"},"modified":"2020-02-14T17:10:22","modified_gmt":"2020-02-14T19:10:22","slug":"marciano-rodrigues-protocolou-na-tarde-de-hoje-08-um-pedido-de-renuncia","status":"publish","type":"post","link":"https:\/\/www.merionline.com.br\/noticias\/marciano-rodrigues-protocolou-na-tarde-de-hoje-08-um-pedido-de-renuncia\/","title":{"rendered":"Marciano Rodrigues, protocolou na tarde de hoje (08), um pedido de &#8220;Ren\u00fancia&#8221;"},"content":{"rendered":"<p>Presidente da C\u00e2mara de Meridiano, Marciano Rodrigues, protocolou na tarde de hoje (08), um pedido de &#8220;Ren\u00fancia&#8221; do cargo de vereador.<br \/>\nMais informa\u00e7\u00f5es em breve !<\/p>\n<p><span style=\"color: #ff0000;\"><em>Atualizado 09\/10:<\/em><\/span><\/p>\n<p>Reuni\u00e3o hoje a tarde (9) da CEI (Comiss\u00e3o Especial de Investiga\u00e7\u00e3o) acatou pedido de Ren\u00fancia do Vereador Marciano Rodrigues. Em poucos dias o relat\u00f3rio ser\u00e1 apresentado na sess\u00e3o para finaliza\u00e7\u00e3o da CEI. O suplente ser\u00e1 o Sr Irceu Fagundes, que ser\u00e1 notificado em breve.<\/p>\n<p><img loading=\"lazy\" decoding=\"async\" class=\"aligncenter size-full wp-image-478\" src=\"https:\/\/www.merionline.com.br\/noticias\/wp-content\/uploads\/2020\/02\/72459715_1672590819539612_4003621543845298176_n.jpg\" alt=\"72459715_1672590819539612_4003621543845298176_n\" width=\"620\" height=\"402\" srcset=\"https:\/\/www.merionline.com.br\/noticias\/wp-content\/uploads\/2020\/02\/72459715_1672590819539612_4003621543845298176_n.jpg 620w, https:\/\/www.merionline.com.br\/noticias\/wp-content\/uploads\/2020\/02\/72459715_1672590819539612_4003621543845298176_n-300x195.jpg 300w, https:\/\/www.merionline.com.br\/noticias\/wp-content\/uploads\/2020\/02\/72459715_1672590819539612_4003621543845298176_n-232x150.jpg 232w\" sizes=\"(max-width: 620px) 100vw, 620px\" \/><\/p>\n","protected":false},"excerpt":{"rendered":"<p>Presidente da C\u00e2mara de Meridiano, Marciano Rodrigues, protocolou na tarde de hoje (08), um pedido de &#8220;Ren\u00fancia&#8221; do cargo de vereador. Mais informa\u00e7\u00f5es em breve ! Atualizado 09\/10: Reuni\u00e3o hoje a tarde (9) da CEI (Comiss\u00e3o Especial de Investiga\u00e7\u00e3o) acatou pedido de Ren\u00fancia do Vereador Marciano Rodrigues. Em poucos dias o relat\u00f3rio ser\u00e1 apresentado na [&hellip;]<\/p>\n","protected":false},"author":1,"featured_media":478,"comment_status":"open","ping_status":"open","sticky":false,"template":"","format":"standard","meta":{"footnotes":""},"categories":[3,6],"tags":[],"_links":{"self":[{"href":"https:\/\/www.merionline.com.br\/noticias\/wp-json\/wp\/v2\/posts\/505"}],"collection":[{"href":"https:\/\/www.merionline.com.br\/noticias\/wp-json\/wp\/v2\/posts"}],"about":[{"href":"https:\/\/www.merionline.com.br\/noticias\/wp-json\/wp\/v2\/types\/post"}],"author":[{"embeddable":true,"href":"https:\/\/www.merionline.com.br\/noticias\/wp-json\/wp\/v2\/users\/1"}],"replies":[{"embeddable":true,"href":"https:\/\/www.merionline.com.br\/noticias\/wp-json\/wp\/v2\/comments?post=505"}],"version-history":[{"count":1,"href":"https:\/\/www.merionline.com.br\/noticias\/wp-json\/wp\/v2\/posts\/505\/revisions"}],"predecessor-version":[{"id":506,"href":"https:\/\/www.merionline.com.br\/noticias\/wp-json\/wp\/v2\/posts\/505\/revisions\/506"}],"wp:featuredmedia":[{"embeddable":true,"href":"https:\/\/www.merionline.com.br\/noticias\/wp-json\/wp\/v2\/media\/478"}],"wp:attachment":[{"href":"https:\/\/www.merionline.com.br\/noticias\/wp-json\/wp\/v2\/media?parent=505"}],"wp:term":[{"taxonomy":"category","embeddable":true,"href":"https:\/\/www.merionline.com.br\/noticias\/wp-json\/wp\/v2\/categories?post=505"},{"taxonomy":"post_tag","embeddable":true,"href":"https:\/\/www.merionline.com.br\/noticias\/wp-json\/wp\/v2\/tags?post=505"}],"curies":[{"name":"wp","href":"https:\/\/api.w.org\/{rel}","templated":true}]}}