{"id":510,"date":"2019-10-14T16:52:53","date_gmt":"2019-10-14T18:52:53","guid":{"rendered":"http:\/\/www.merionline.com.br\/noticias\/?p=510"},"modified":"2020-02-14T16:53:50","modified_gmt":"2020-02-14T18:53:50","slug":"ambulancia-de-meridiano-acaba-combustivel-proximo-ao-trevo-de-valentim","status":"publish","type":"post","link":"https:\/\/www.merionline.com.br\/noticias\/ambulancia-de-meridiano-acaba-combustivel-proximo-ao-trevo-de-valentim\/","title":{"rendered":"Ambul\u00e2ncia de Meridiano acaba combust\u00edvel pr\u00f3ximo ao trevo de Valentim."},"content":{"rendered":"<p>Ambul\u00e2ncia de Meridiano que vinha de Rio Preto acaba combust\u00edvel pr\u00f3ximo ao trevo de Valentim.<\/p>\n<p>Entramos em contato com o Secret\u00e1rio da sa\u00fade para saber o que de fato aconteceu, por telefone o Sr. Alcir Nunes informou nossa equipe que a ambul\u00e2ncia que estava com trajeto para Rio Preto, aproveitou um pedido para buscar um paciente em Barretos, por isso o combust\u00edvel n\u00e3o foi suficiente e acabou pr\u00f3ximo ao trevo de Valentim Gentil.<\/p>\n<div class=\"text_exposed_show\">\n<p>Por\u00e9m, o motorista poderia ter abastecido e a prefeitura faria o pagamento posteriormente, evitando assim transtornos desnecess\u00e1rios aos pacientes, destacou o secret\u00e1rio da sa\u00fade o Sr Alcir.<\/p>\n<p>Alcir disse que vai mudar a forma de viagem para Barretos, ele pretende colocar ve\u00edculos exclusivos.<\/p>\n<p><img loading=\"lazy\" decoding=\"async\" class=\"aligncenter size-post-thumbnail wp-image-511\" src=\"https:\/\/www.merionline.com.br\/noticias\/wp-content\/uploads\/2020\/02\/73078921_2124562640977515_4689494380401131520_o-640x360.jpg\" alt=\"73078921_2124562640977515_4689494380401131520_o\" width=\"640\" height=\"360\" srcset=\"https:\/\/www.merionline.com.br\/noticias\/wp-content\/uploads\/2020\/02\/73078921_2124562640977515_4689494380401131520_o-640x360.jpg 640w, https:\/\/www.merionline.com.br\/noticias\/wp-content\/uploads\/2020\/02\/73078921_2124562640977515_4689494380401131520_o-320x180.jpg 320w\" sizes=\"(max-width: 640px) 100vw, 640px\" \/><\/p>\n<\/div>\n","protected":false},"excerpt":{"rendered":"<p>Ambul\u00e2ncia de Meridiano que vinha de Rio Preto acaba combust\u00edvel pr\u00f3ximo ao trevo de Valentim. Entramos em contato com o Secret\u00e1rio da sa\u00fade para saber o que de fato aconteceu, por telefone o Sr. Alcir Nunes informou nossa equipe que a ambul\u00e2ncia que estava com trajeto para Rio Preto, aproveitou um pedido para buscar um [&hellip;]<\/p>\n","protected":false},"author":1,"featured_media":511,"comment_status":"open","ping_status":"open","sticky":false,"template":"","format":"standard","meta":{"footnotes":""},"categories":[3,6],"tags":[],"_links":{"self":[{"href":"https:\/\/www.merionline.com.br\/noticias\/wp-json\/wp\/v2\/posts\/510"}],"collection":[{"href":"https:\/\/www.merionline.com.br\/noticias\/wp-json\/wp\/v2\/posts"}],"about":[{"href":"https:\/\/www.merionline.com.br\/noticias\/wp-json\/wp\/v2\/types\/post"}],"author":[{"embeddable":true,"href":"https:\/\/www.merionline.com.br\/noticias\/wp-json\/wp\/v2\/users\/1"}],"replies":[{"embeddable":true,"href":"https:\/\/www.merionline.com.br\/noticias\/wp-json\/wp\/v2\/comments?post=510"}],"version-history":[{"count":1,"href":"https:\/\/www.merionline.com.br\/noticias\/wp-json\/wp\/v2\/posts\/510\/revisions"}],"predecessor-version":[{"id":512,"href":"https:\/\/www.merionline.com.br\/noticias\/wp-json\/wp\/v2\/posts\/510\/revisions\/512"}],"wp:featuredmedia":[{"embeddable":true,"href":"https:\/\/www.merionline.com.br\/noticias\/wp-json\/wp\/v2\/media\/511"}],"wp:attachment":[{"href":"https:\/\/www.merionline.com.br\/noticias\/wp-json\/wp\/v2\/media?parent=510"}],"wp:term":[{"taxonomy":"category","embeddable":true,"href":"https:\/\/www.merionline.com.br\/noticias\/wp-json\/wp\/v2\/categories?post=510"},{"taxonomy":"post_tag","embeddable":true,"href":"https:\/\/www.merionline.com.br\/noticias\/wp-json\/wp\/v2\/tags?post=510"}],"curies":[{"name":"wp","href":"https:\/\/api.w.org\/{rel}","templated":true}]}}