{"id":518,"date":"2019-11-13T17:03:48","date_gmt":"2019-11-13T19:03:48","guid":{"rendered":"http:\/\/www.merionline.com.br\/noticias\/?p=518"},"modified":"2020-02-14T17:06:33","modified_gmt":"2020-02-14T19:06:33","slug":"alex-garcia-e-o-novo-secretario-da-saude-de-meridiano","status":"publish","type":"post","link":"https:\/\/www.merionline.com.br\/noticias\/alex-garcia-e-o-novo-secretario-da-saude-de-meridiano\/","title":{"rendered":"Alex Garcia \u00e9 o novo secretario da sa\u00fade de Meridiano,"},"content":{"rendered":"<p>Foi nomeado o novo secretario da sa\u00fade de Meridiano,\u00a0Alex Garcia\u00a0que tinha sido nomeado Assessor do prefeito agora ir\u00e1 comandar a sa\u00fade a partir de hoje (13).<\/p>\n<p><img loading=\"lazy\" decoding=\"async\" class=\"aligncenter size-post-thumbnail wp-image-520\" src=\"https:\/\/www.merionline.com.br\/noticias\/wp-content\/uploads\/2020\/02\/68462040_483015395867284_5002440150152642560_o-640x360.jpg\" alt=\"68462040_483015395867284_5002440150152642560_o\" width=\"640\" height=\"360\" srcset=\"https:\/\/www.merionline.com.br\/noticias\/wp-content\/uploads\/2020\/02\/68462040_483015395867284_5002440150152642560_o-640x360.jpg 640w, https:\/\/www.merionline.com.br\/noticias\/wp-content\/uploads\/2020\/02\/68462040_483015395867284_5002440150152642560_o-320x180.jpg 320w\" sizes=\"(max-width: 640px) 100vw, 640px\" \/><\/p>\n<p>&nbsp;<\/p>\n","protected":false},"excerpt":{"rendered":"<p>Foi nomeado o novo secretario da sa\u00fade de Meridiano,\u00a0Alex Garcia\u00a0que tinha sido nomeado Assessor do prefeito agora ir\u00e1 comandar a sa\u00fade a partir de hoje (13). &nbsp;<\/p>\n","protected":false},"author":1,"featured_media":520,"comment_status":"open","ping_status":"open","sticky":false,"template":"","format":"standard","meta":{"footnotes":""},"categories":[3,6],"tags":[],"_links":{"self":[{"href":"https:\/\/www.merionline.com.br\/noticias\/wp-json\/wp\/v2\/posts\/518"}],"collection":[{"href":"https:\/\/www.merionline.com.br\/noticias\/wp-json\/wp\/v2\/posts"}],"about":[{"href":"https:\/\/www.merionline.com.br\/noticias\/wp-json\/wp\/v2\/types\/post"}],"author":[{"embeddable":true,"href":"https:\/\/www.merionline.com.br\/noticias\/wp-json\/wp\/v2\/users\/1"}],"replies":[{"embeddable":true,"href":"https:\/\/www.merionline.com.br\/noticias\/wp-json\/wp\/v2\/comments?post=518"}],"version-history":[{"count":2,"href":"https:\/\/www.merionline.com.br\/noticias\/wp-json\/wp\/v2\/posts\/518\/revisions"}],"predecessor-version":[{"id":521,"href":"https:\/\/www.merionline.com.br\/noticias\/wp-json\/wp\/v2\/posts\/518\/revisions\/521"}],"wp:featuredmedia":[{"embeddable":true,"href":"https:\/\/www.merionline.com.br\/noticias\/wp-json\/wp\/v2\/media\/520"}],"wp:attachment":[{"href":"https:\/\/www.merionline.com.br\/noticias\/wp-json\/wp\/v2\/media?parent=518"}],"wp:term":[{"taxonomy":"category","embeddable":true,"href":"https:\/\/www.merionline.com.br\/noticias\/wp-json\/wp\/v2\/categories?post=518"},{"taxonomy":"post_tag","embeddable":true,"href":"https:\/\/www.merionline.com.br\/noticias\/wp-json\/wp\/v2\/tags?post=518"}],"curies":[{"name":"wp","href":"https:\/\/api.w.org\/{rel}","templated":true}]}}