{"id":522,"date":"2019-12-02T17:04:30","date_gmt":"2019-12-02T19:04:30","guid":{"rendered":"http:\/\/www.merionline.com.br\/noticias\/?p=522"},"modified":"2020-02-14T17:05:44","modified_gmt":"2020-02-14T19:05:44","slug":"joao-flavio-binhardi-foi-eleito-presidente-da-camara-de-meridiano-para-2020","status":"publish","type":"post","link":"https:\/\/www.merionline.com.br\/noticias\/joao-flavio-binhardi-foi-eleito-presidente-da-camara-de-meridiano-para-2020\/","title":{"rendered":"Jo\u00e3o Fl\u00e1vio Binhardi foi eleito presidente da C\u00e2mara de Meridiano para 2020"},"content":{"rendered":"<p>Jo\u00e3o Fl\u00e1vio Binhardi foi eleito presidente da C\u00e2mara de Meridiano para 2020, a vota\u00e7\u00e3o foi 5 x 4.<\/p>\n<p>Votaram em Carlos Savazzi:<br \/>\nFabio<br \/>\nCarlos<span class=\"text_exposed_show\"><br \/>\nAgnaldo (lindo)<br \/>\nIrceu<\/span><\/p>\n<div class=\"text_exposed_show\">\n<p>Votaram em Jo\u00e3o Binhardi:<br \/>\nVagner<br \/>\nIsmael<br \/>\nClaudio Tranqueira<br \/>\nAlexandre<br \/>\nJoao Binhardi<\/p>\n<p><img loading=\"lazy\" decoding=\"async\" class=\"aligncenter size-post-thumbnail wp-image-523\" src=\"https:\/\/www.merionline.com.br\/noticias\/wp-content\/uploads\/2020\/02\/74909791_2227871600646618_4857824757300592640_o-533x360.jpg\" alt=\"74909791_2227871600646618_4857824757300592640_o\" width=\"533\" height=\"360\" \/><\/p>\n<\/div>\n","protected":false},"excerpt":{"rendered":"<p>Jo\u00e3o Fl\u00e1vio Binhardi foi eleito presidente da C\u00e2mara de Meridiano para 2020, a vota\u00e7\u00e3o foi 5 x 4. Votaram em Carlos Savazzi: Fabio Carlos Agnaldo (lindo) Irceu Votaram em Jo\u00e3o Binhardi: Vagner Ismael Claudio Tranqueira Alexandre Joao Binhardi<\/p>\n","protected":false},"author":1,"featured_media":523,"comment_status":"open","ping_status":"open","sticky":false,"template":"","format":"standard","meta":{"footnotes":""},"categories":[3,6],"tags":[],"_links":{"self":[{"href":"https:\/\/www.merionline.com.br\/noticias\/wp-json\/wp\/v2\/posts\/522"}],"collection":[{"href":"https:\/\/www.merionline.com.br\/noticias\/wp-json\/wp\/v2\/posts"}],"about":[{"href":"https:\/\/www.merionline.com.br\/noticias\/wp-json\/wp\/v2\/types\/post"}],"author":[{"embeddable":true,"href":"https:\/\/www.merionline.com.br\/noticias\/wp-json\/wp\/v2\/users\/1"}],"replies":[{"embeddable":true,"href":"https:\/\/www.merionline.com.br\/noticias\/wp-json\/wp\/v2\/comments?post=522"}],"version-history":[{"count":1,"href":"https:\/\/www.merionline.com.br\/noticias\/wp-json\/wp\/v2\/posts\/522\/revisions"}],"predecessor-version":[{"id":524,"href":"https:\/\/www.merionline.com.br\/noticias\/wp-json\/wp\/v2\/posts\/522\/revisions\/524"}],"wp:featuredmedia":[{"embeddable":true,"href":"https:\/\/www.merionline.com.br\/noticias\/wp-json\/wp\/v2\/media\/523"}],"wp:attachment":[{"href":"https:\/\/www.merionline.com.br\/noticias\/wp-json\/wp\/v2\/media?parent=522"}],"wp:term":[{"taxonomy":"category","embeddable":true,"href":"https:\/\/www.merionline.com.br\/noticias\/wp-json\/wp\/v2\/categories?post=522"},{"taxonomy":"post_tag","embeddable":true,"href":"https:\/\/www.merionline.com.br\/noticias\/wp-json\/wp\/v2\/tags?post=522"}],"curies":[{"name":"wp","href":"https:\/\/api.w.org\/{rel}","templated":true}]}}