{"id":525,"date":"2019-12-05T17:15:13","date_gmt":"2019-12-05T19:15:13","guid":{"rendered":"http:\/\/www.merionline.com.br\/noticias\/?p=525"},"modified":"2020-02-14T17:17:26","modified_gmt":"2020-02-14T19:17:26","slug":"cratera-com-aproximadamente-4-metros-abre-proximo-parque-do-povo","status":"publish","type":"post","link":"https:\/\/www.merionline.com.br\/noticias\/cratera-com-aproximadamente-4-metros-abre-proximo-parque-do-povo\/","title":{"rendered":"Cratera com aproximadamente 4 metros abre pr\u00f3ximo parque do povo"},"content":{"rendered":"<p>Cratera com aproximadamente 4 metros de comprimento na Rua S\u00e3o Paulo (frente ao futuro parque do povo), foi interditado pela prefeitura at\u00e9 a regulariza\u00e7\u00e3o dos reparos.<\/p>\n<p>Carros e pedestres devem dobrar a aten\u00e7\u00e3o para evitar acidentes.<\/p>\n<div class=\"text_exposed_show\">\n<p>Estamos aguardando uma nota do Engenheiro\/Prefeitura referente prazos para regulariza\u00e7\u00e3o.<\/p>\n<p><img loading=\"lazy\" decoding=\"async\" class=\"aligncenter size-post-thumbnail wp-image-526\" src=\"https:\/\/www.merionline.com.br\/noticias\/wp-content\/uploads\/2020\/02\/79330958_2233385236761921_4211717279181701120_n-640x360.jpg\" alt=\"79330958_2233385236761921_4211717279181701120_n\" width=\"640\" height=\"360\" srcset=\"https:\/\/www.merionline.com.br\/noticias\/wp-content\/uploads\/2020\/02\/79330958_2233385236761921_4211717279181701120_n-640x360.jpg 640w, https:\/\/www.merionline.com.br\/noticias\/wp-content\/uploads\/2020\/02\/79330958_2233385236761921_4211717279181701120_n-300x169.jpg 300w, https:\/\/www.merionline.com.br\/noticias\/wp-content\/uploads\/2020\/02\/79330958_2233385236761921_4211717279181701120_n-768x432.jpg 768w, https:\/\/www.merionline.com.br\/noticias\/wp-content\/uploads\/2020\/02\/79330958_2233385236761921_4211717279181701120_n-320x180.jpg 320w, https:\/\/www.merionline.com.br\/noticias\/wp-content\/uploads\/2020\/02\/79330958_2233385236761921_4211717279181701120_n.jpg 960w\" sizes=\"(max-width: 640px) 100vw, 640px\" \/><\/p>\n<\/div>\n","protected":false},"excerpt":{"rendered":"<p>Cratera com aproximadamente 4 metros de comprimento na Rua S\u00e3o Paulo (frente ao futuro parque do povo), foi interditado pela prefeitura at\u00e9 a regulariza\u00e7\u00e3o dos reparos. Carros e pedestres devem dobrar a aten\u00e7\u00e3o para evitar acidentes. Estamos aguardando uma nota do Engenheiro\/Prefeitura referente prazos para regulariza\u00e7\u00e3o.<\/p>\n","protected":false},"author":1,"featured_media":526,"comment_status":"open","ping_status":"open","sticky":false,"template":"","format":"standard","meta":{"footnotes":""},"categories":[3,6],"tags":[],"_links":{"self":[{"href":"https:\/\/www.merionline.com.br\/noticias\/wp-json\/wp\/v2\/posts\/525"}],"collection":[{"href":"https:\/\/www.merionline.com.br\/noticias\/wp-json\/wp\/v2\/posts"}],"about":[{"href":"https:\/\/www.merionline.com.br\/noticias\/wp-json\/wp\/v2\/types\/post"}],"author":[{"embeddable":true,"href":"https:\/\/www.merionline.com.br\/noticias\/wp-json\/wp\/v2\/users\/1"}],"replies":[{"embeddable":true,"href":"https:\/\/www.merionline.com.br\/noticias\/wp-json\/wp\/v2\/comments?post=525"}],"version-history":[{"count":1,"href":"https:\/\/www.merionline.com.br\/noticias\/wp-json\/wp\/v2\/posts\/525\/revisions"}],"predecessor-version":[{"id":527,"href":"https:\/\/www.merionline.com.br\/noticias\/wp-json\/wp\/v2\/posts\/525\/revisions\/527"}],"wp:featuredmedia":[{"embeddable":true,"href":"https:\/\/www.merionline.com.br\/noticias\/wp-json\/wp\/v2\/media\/526"}],"wp:attachment":[{"href":"https:\/\/www.merionline.com.br\/noticias\/wp-json\/wp\/v2\/media?parent=525"}],"wp:term":[{"taxonomy":"category","embeddable":true,"href":"https:\/\/www.merionline.com.br\/noticias\/wp-json\/wp\/v2\/categories?post=525"},{"taxonomy":"post_tag","embeddable":true,"href":"https:\/\/www.merionline.com.br\/noticias\/wp-json\/wp\/v2\/tags?post=525"}],"curies":[{"name":"wp","href":"https:\/\/api.w.org\/{rel}","templated":true}]}}