{"id":528,"date":"2019-12-11T17:19:54","date_gmt":"2019-12-11T19:19:54","guid":{"rendered":"http:\/\/www.merionline.com.br\/noticias\/?p=528"},"modified":"2020-02-14T17:22:58","modified_gmt":"2020-02-14T19:22:58","slug":"cratera-aberta-vai-custar-r-168-mil","status":"publish","type":"post","link":"https:\/\/www.merionline.com.br\/noticias\/cratera-aberta-vai-custar-r-168-mil\/","title":{"rendered":"Cratera aberta vai custar R$ 168 mil"},"content":{"rendered":"<p>Sess\u00e3o Extraordin\u00e1ria para aprova\u00e7\u00e3o de uma suplementa\u00e7\u00e3o de verba no valor de R$ 168 mil reais para reparos na rua pr\u00f3ximo ao parque do povo que inclusive est\u00e1 interditado. O prefeito enviou para C\u00e2mara est\u00e1 suplementa\u00e7\u00e3o para dar in\u00edcio nas obras em car\u00e1ter de urg\u00eancia.<\/p>\n<p>&nbsp;<\/p>\n<p><img loading=\"lazy\" decoding=\"async\" class=\"aligncenter size-post-thumbnail wp-image-530\" src=\"https:\/\/www.merionline.com.br\/noticias\/wp-content\/uploads\/2020\/02\/79179406_2246967448737033_7890648276226015232_n-640x360.jpg\" alt=\"79179406_2246967448737033_7890648276226015232_n\" width=\"640\" height=\"360\" srcset=\"https:\/\/www.merionline.com.br\/noticias\/wp-content\/uploads\/2020\/02\/79179406_2246967448737033_7890648276226015232_n-640x360.jpg 640w, https:\/\/www.merionline.com.br\/noticias\/wp-content\/uploads\/2020\/02\/79179406_2246967448737033_7890648276226015232_n-300x169.jpg 300w, https:\/\/www.merionline.com.br\/noticias\/wp-content\/uploads\/2020\/02\/79179406_2246967448737033_7890648276226015232_n-768x432.jpg 768w, https:\/\/www.merionline.com.br\/noticias\/wp-content\/uploads\/2020\/02\/79179406_2246967448737033_7890648276226015232_n-320x180.jpg 320w, https:\/\/www.merionline.com.br\/noticias\/wp-content\/uploads\/2020\/02\/79179406_2246967448737033_7890648276226015232_n.jpg 960w\" sizes=\"(max-width: 640px) 100vw, 640px\" \/><\/p>\n","protected":false},"excerpt":{"rendered":"<p>Sess\u00e3o Extraordin\u00e1ria para aprova\u00e7\u00e3o de uma suplementa\u00e7\u00e3o de verba no valor de R$ 168 mil reais para reparos na rua pr\u00f3ximo ao parque do povo que inclusive est\u00e1 interditado. O prefeito enviou para C\u00e2mara est\u00e1 suplementa\u00e7\u00e3o para dar in\u00edcio nas obras em car\u00e1ter de urg\u00eancia. &nbsp;<\/p>\n","protected":false},"author":1,"featured_media":530,"comment_status":"open","ping_status":"open","sticky":false,"template":"","format":"standard","meta":{"footnotes":""},"categories":[3,6],"tags":[],"_links":{"self":[{"href":"https:\/\/www.merionline.com.br\/noticias\/wp-json\/wp\/v2\/posts\/528"}],"collection":[{"href":"https:\/\/www.merionline.com.br\/noticias\/wp-json\/wp\/v2\/posts"}],"about":[{"href":"https:\/\/www.merionline.com.br\/noticias\/wp-json\/wp\/v2\/types\/post"}],"author":[{"embeddable":true,"href":"https:\/\/www.merionline.com.br\/noticias\/wp-json\/wp\/v2\/users\/1"}],"replies":[{"embeddable":true,"href":"https:\/\/www.merionline.com.br\/noticias\/wp-json\/wp\/v2\/comments?post=528"}],"version-history":[{"count":1,"href":"https:\/\/www.merionline.com.br\/noticias\/wp-json\/wp\/v2\/posts\/528\/revisions"}],"predecessor-version":[{"id":531,"href":"https:\/\/www.merionline.com.br\/noticias\/wp-json\/wp\/v2\/posts\/528\/revisions\/531"}],"wp:featuredmedia":[{"embeddable":true,"href":"https:\/\/www.merionline.com.br\/noticias\/wp-json\/wp\/v2\/media\/530"}],"wp:attachment":[{"href":"https:\/\/www.merionline.com.br\/noticias\/wp-json\/wp\/v2\/media?parent=528"}],"wp:term":[{"taxonomy":"category","embeddable":true,"href":"https:\/\/www.merionline.com.br\/noticias\/wp-json\/wp\/v2\/categories?post=528"},{"taxonomy":"post_tag","embeddable":true,"href":"https:\/\/www.merionline.com.br\/noticias\/wp-json\/wp\/v2\/tags?post=528"}],"curies":[{"name":"wp","href":"https:\/\/api.w.org\/{rel}","templated":true}]}}