{"id":532,"date":"2020-01-13T17:20:55","date_gmt":"2020-01-13T20:20:55","guid":{"rendered":"http:\/\/www.merionline.com.br\/noticias\/?p=532"},"modified":"2020-02-15T02:15:03","modified_gmt":"2020-02-15T05:15:03","slug":"vereadores-faz-solicita-uma-van-ambulancia-para-meridiano","status":"publish","type":"post","link":"https:\/\/www.merionline.com.br\/noticias\/vereadores-faz-solicita-uma-van-ambulancia-para-meridiano\/","title":{"rendered":"Vereadores solicitam uma Van (ambul\u00e2ncia) para Meridiano"},"content":{"rendered":"<p>Vereadores\u00a0Carlinhos Savazzi\u00a0e Fabio Paschoalinoto, solicita aquisi\u00e7\u00e3o de uma ambul\u00e2ncia (Van) para o munic\u00edpio de Meridiano junto ao Dep. Estadual Carl\u00e3o Pignatari.<\/p>\n<p><img loading=\"lazy\" decoding=\"async\" class=\"aligncenter size-post-thumbnail wp-image-533\" src=\"https:\/\/www.merionline.com.br\/noticias\/wp-content\/uploads\/2020\/02\/82835731_2313338242099953_1426162973176496128_n-640x360.jpg\" alt=\"82835731_2313338242099953_1426162973176496128_n\" width=\"640\" height=\"360\" srcset=\"https:\/\/www.merionline.com.br\/noticias\/wp-content\/uploads\/2020\/02\/82835731_2313338242099953_1426162973176496128_n-640x360.jpg 640w, https:\/\/www.merionline.com.br\/noticias\/wp-content\/uploads\/2020\/02\/82835731_2313338242099953_1426162973176496128_n-300x169.jpg 300w, https:\/\/www.merionline.com.br\/noticias\/wp-content\/uploads\/2020\/02\/82835731_2313338242099953_1426162973176496128_n-768x432.jpg 768w, https:\/\/www.merionline.com.br\/noticias\/wp-content\/uploads\/2020\/02\/82835731_2313338242099953_1426162973176496128_n-320x180.jpg 320w, https:\/\/www.merionline.com.br\/noticias\/wp-content\/uploads\/2020\/02\/82835731_2313338242099953_1426162973176496128_n.jpg 960w\" sizes=\"(max-width: 640px) 100vw, 640px\" \/><\/p>\n","protected":false},"excerpt":{"rendered":"<p>Vereadores\u00a0Carlinhos Savazzi\u00a0e Fabio Paschoalinoto, solicita aquisi\u00e7\u00e3o de uma ambul\u00e2ncia (Van) para o munic\u00edpio de Meridiano junto ao Dep. Estadual Carl\u00e3o Pignatari.<\/p>\n","protected":false},"author":1,"featured_media":533,"comment_status":"open","ping_status":"open","sticky":false,"template":"","format":"standard","meta":{"footnotes":""},"categories":[3,6],"tags":[],"_links":{"self":[{"href":"https:\/\/www.merionline.com.br\/noticias\/wp-json\/wp\/v2\/posts\/532"}],"collection":[{"href":"https:\/\/www.merionline.com.br\/noticias\/wp-json\/wp\/v2\/posts"}],"about":[{"href":"https:\/\/www.merionline.com.br\/noticias\/wp-json\/wp\/v2\/types\/post"}],"author":[{"embeddable":true,"href":"https:\/\/www.merionline.com.br\/noticias\/wp-json\/wp\/v2\/users\/1"}],"replies":[{"embeddable":true,"href":"https:\/\/www.merionline.com.br\/noticias\/wp-json\/wp\/v2\/comments?post=532"}],"version-history":[{"count":2,"href":"https:\/\/www.merionline.com.br\/noticias\/wp-json\/wp\/v2\/posts\/532\/revisions"}],"predecessor-version":[{"id":582,"href":"https:\/\/www.merionline.com.br\/noticias\/wp-json\/wp\/v2\/posts\/532\/revisions\/582"}],"wp:featuredmedia":[{"embeddable":true,"href":"https:\/\/www.merionline.com.br\/noticias\/wp-json\/wp\/v2\/media\/533"}],"wp:attachment":[{"href":"https:\/\/www.merionline.com.br\/noticias\/wp-json\/wp\/v2\/media?parent=532"}],"wp:term":[{"taxonomy":"category","embeddable":true,"href":"https:\/\/www.merionline.com.br\/noticias\/wp-json\/wp\/v2\/categories?post=532"},{"taxonomy":"post_tag","embeddable":true,"href":"https:\/\/www.merionline.com.br\/noticias\/wp-json\/wp\/v2\/tags?post=532"}],"curies":[{"name":"wp","href":"https:\/\/api.w.org\/{rel}","templated":true}]}}