{"id":535,"date":"2020-01-20T17:23:47","date_gmt":"2020-01-20T19:23:47","guid":{"rendered":"http:\/\/www.merionline.com.br\/noticias\/?p=535"},"modified":"2020-02-14T17:28:00","modified_gmt":"2020-02-14T19:28:00","slug":"motorista-que-dirigia-ambulancia-de-meridiano-e-flagrado-em-bafometro","status":"publish","type":"post","link":"https:\/\/www.merionline.com.br\/noticias\/motorista-que-dirigia-ambulancia-de-meridiano-e-flagrado-em-bafometro\/","title":{"rendered":"Motorista que dirigia ambul\u00e2ncia de Meridiano \u00e9 flagrado em baf\u00f4metro"},"content":{"rendered":"<p>Motorista que dirigia ambul\u00e2ncia de Meridiano \u00e9 parado em posto policial e foi afastado por n\u00e3o passar no teste de baf\u00f4metro!<\/p>\n<p>Na tarde de s\u00e1bado por volta das 16h, (18) o Motorista G.S. funcion\u00e1rio efetivo da prefeitura de Meridiano foi parado em um posto policial de Votuporanga onde foi feito teste de baf\u00f4metro, no teste foi constatado uso de bebida alco\u00f3lica, taxa de &#8220;0.8&#8221;. Sua CNH foi apreendida e liberada hoje (20), a ambul\u00e2ncia foi liberada para outro mo<span class=\"text_exposed_show\">torista no mesmo dia.<\/span><\/p>\n<div class=\"text_exposed_show\">\n<p>A ambul\u00e2ncia estava com um paciente e um acompanhante que estava sendo transferido para Catanduva.<\/p>\n<p>Segundo o Secretario da sa\u00fade Alex Garcia, o funcion\u00e1rio foi afastado e foi aberto uma sindic\u00e2ncia para apurar os fatos.<\/p>\n<p><img loading=\"lazy\" decoding=\"async\" class=\"aligncenter size-post-thumbnail wp-image-461\" src=\"https:\/\/www.merionline.com.br\/noticias\/wp-content\/uploads\/2020\/02\/67063968_1972822982818149_2538234756068278272_n-640x360.jpg\" alt=\"67063968_1972822982818149_2538234756068278272_n\" width=\"640\" height=\"360\" srcset=\"https:\/\/www.merionline.com.br\/noticias\/wp-content\/uploads\/2020\/02\/67063968_1972822982818149_2538234756068278272_n-640x360.jpg 640w, https:\/\/www.merionline.com.br\/noticias\/wp-content\/uploads\/2020\/02\/67063968_1972822982818149_2538234756068278272_n-320x180.jpg 320w\" sizes=\"(max-width: 640px) 100vw, 640px\" \/><\/p>\n<\/div>\n","protected":false},"excerpt":{"rendered":"<p>Motorista que dirigia ambul\u00e2ncia de Meridiano \u00e9 parado em posto policial e foi afastado por n\u00e3o passar no teste de baf\u00f4metro! Na tarde de s\u00e1bado por volta das 16h, (18) o Motorista G.S. funcion\u00e1rio efetivo da prefeitura de Meridiano foi parado em um posto policial de Votuporanga onde foi feito teste de baf\u00f4metro, no teste [&hellip;]<\/p>\n","protected":false},"author":1,"featured_media":461,"comment_status":"open","ping_status":"open","sticky":false,"template":"","format":"standard","meta":{"footnotes":""},"categories":[3,6],"tags":[],"_links":{"self":[{"href":"https:\/\/www.merionline.com.br\/noticias\/wp-json\/wp\/v2\/posts\/535"}],"collection":[{"href":"https:\/\/www.merionline.com.br\/noticias\/wp-json\/wp\/v2\/posts"}],"about":[{"href":"https:\/\/www.merionline.com.br\/noticias\/wp-json\/wp\/v2\/types\/post"}],"author":[{"embeddable":true,"href":"https:\/\/www.merionline.com.br\/noticias\/wp-json\/wp\/v2\/users\/1"}],"replies":[{"embeddable":true,"href":"https:\/\/www.merionline.com.br\/noticias\/wp-json\/wp\/v2\/comments?post=535"}],"version-history":[{"count":1,"href":"https:\/\/www.merionline.com.br\/noticias\/wp-json\/wp\/v2\/posts\/535\/revisions"}],"predecessor-version":[{"id":536,"href":"https:\/\/www.merionline.com.br\/noticias\/wp-json\/wp\/v2\/posts\/535\/revisions\/536"}],"wp:featuredmedia":[{"embeddable":true,"href":"https:\/\/www.merionline.com.br\/noticias\/wp-json\/wp\/v2\/media\/461"}],"wp:attachment":[{"href":"https:\/\/www.merionline.com.br\/noticias\/wp-json\/wp\/v2\/media?parent=535"}],"wp:term":[{"taxonomy":"category","embeddable":true,"href":"https:\/\/www.merionline.com.br\/noticias\/wp-json\/wp\/v2\/categories?post=535"},{"taxonomy":"post_tag","embeddable":true,"href":"https:\/\/www.merionline.com.br\/noticias\/wp-json\/wp\/v2\/tags?post=535"}],"curies":[{"name":"wp","href":"https:\/\/api.w.org\/{rel}","templated":true}]}}