{"id":537,"date":"2020-02-03T17:29:22","date_gmt":"2020-02-03T19:29:22","guid":{"rendered":"http:\/\/www.merionline.com.br\/noticias\/?p=537"},"modified":"2020-02-15T20:11:44","modified_gmt":"2020-02-15T23:11:44","slug":"secretario-da-saude-afasta-motorista-por-possivel-irregularidades","status":"publish","type":"post","link":"https:\/\/www.merionline.com.br\/noticias\/secretario-da-saude-afasta-motorista-por-possivel-irregularidades\/","title":{"rendered":"Claudio Tranqueira renuncia ao cargo de vereador em Meridiano"},"content":{"rendered":"<p><em>Claudio, que tamb\u00e9m \u00e9 servidor p\u00fablico, foi afastado do cargo de motorista da Prefeitura por poss\u00edveis irregularidades na manuten\u00e7\u00e3o de pneus de uma ambul\u00e2ncia<\/em><\/p>\n<p><em>Da Reda\u00e7\u00e3o\u00a0<\/em><\/p>\n<p>Na tarde desta quinta-feira, dia 6, por volta das 14h47, Claudio Tranqueira, que est\u00e1 afastado de suas fun\u00e7\u00f5es como motorista de ambul\u00e2ncia na Prefeitura de Meridiano, munic\u00edpio localizado a 14 quil\u00f4metros de Fernand\u00f3polis, renunciou ao cargo de vereador na C\u00e2mara Municipal.<\/p>\n<p>De acordo com Claudio Tranqueira, com a formaliza\u00e7\u00e3o de sua ren\u00fancia, que se d\u00e1 em car\u00e1ter irrevog\u00e1vel, o, agora, ex-vereador ir\u00e1 se dedicar em tempo integral \u00e0 defesa de sua honra e de sua hist\u00f3ria como servidor p\u00fablico.<\/p>\n<p><strong>O CASO<\/strong><\/p>\n<p>Alex Garcia, secret\u00e1rio municipal da Sa\u00fade de Meridiano afastou, na \u00faltima segunda-feira, 3, Claudio Tranqueira por poss\u00edveis irregularidades na manuten\u00e7\u00e3o de pneus de uma ambul\u00e2ncia.<\/p>\n<p>Segundo apurou a reportagem, uma sindic\u00e2ncia interna foi aberta para apurar os fatos. \u201cVamos fazer o correto. Ele (funcion\u00e1rio) est\u00e1 afastado at\u00e9 o fim das investiga\u00e7\u00f5es (sindic\u00e2ncia). O tempo \u00e9 indeterminado\u201d, salientou Alex Garcia.<\/p>\n<p><img loading=\"lazy\" decoding=\"async\" class=\"aligncenter size-post-thumbnail wp-image-538\" src=\"https:\/\/www.merionline.com.br\/noticias\/wp-content\/uploads\/2020\/02\/83954294_2352227011544409_1250098154745888768_n-640x360.jpg\" alt=\"83954294_2352227011544409_1250098154745888768_n\" width=\"640\" height=\"360\" srcset=\"https:\/\/www.merionline.com.br\/noticias\/wp-content\/uploads\/2020\/02\/83954294_2352227011544409_1250098154745888768_n-640x360.jpg 640w, https:\/\/www.merionline.com.br\/noticias\/wp-content\/uploads\/2020\/02\/83954294_2352227011544409_1250098154745888768_n-320x180.jpg 320w\" sizes=\"(max-width: 640px) 100vw, 640px\" \/><\/p>\n","protected":false},"excerpt":{"rendered":"<p>Claudio, que tamb\u00e9m \u00e9 servidor p\u00fablico, foi afastado do cargo de motorista da Prefeitura por poss\u00edveis irregularidades na manuten\u00e7\u00e3o de pneus de uma ambul\u00e2ncia Da Reda\u00e7\u00e3o\u00a0 Na tarde desta quinta-feira, dia 6, por volta das 14h47, Claudio Tranqueira, que est\u00e1 afastado de suas fun\u00e7\u00f5es como motorista de ambul\u00e2ncia na Prefeitura de Meridiano, munic\u00edpio localizado a [&hellip;]<\/p>\n","protected":false},"author":1,"featured_media":538,"comment_status":"open","ping_status":"open","sticky":false,"template":"","format":"standard","meta":{"footnotes":""},"categories":[3,6],"tags":[],"_links":{"self":[{"href":"https:\/\/www.merionline.com.br\/noticias\/wp-json\/wp\/v2\/posts\/537"}],"collection":[{"href":"https:\/\/www.merionline.com.br\/noticias\/wp-json\/wp\/v2\/posts"}],"about":[{"href":"https:\/\/www.merionline.com.br\/noticias\/wp-json\/wp\/v2\/types\/post"}],"author":[{"embeddable":true,"href":"https:\/\/www.merionline.com.br\/noticias\/wp-json\/wp\/v2\/users\/1"}],"replies":[{"embeddable":true,"href":"https:\/\/www.merionline.com.br\/noticias\/wp-json\/wp\/v2\/comments?post=537"}],"version-history":[{"count":3,"href":"https:\/\/www.merionline.com.br\/noticias\/wp-json\/wp\/v2\/posts\/537\/revisions"}],"predecessor-version":[{"id":596,"href":"https:\/\/www.merionline.com.br\/noticias\/wp-json\/wp\/v2\/posts\/537\/revisions\/596"}],"wp:featuredmedia":[{"embeddable":true,"href":"https:\/\/www.merionline.com.br\/noticias\/wp-json\/wp\/v2\/media\/538"}],"wp:attachment":[{"href":"https:\/\/www.merionline.com.br\/noticias\/wp-json\/wp\/v2\/media?parent=537"}],"wp:term":[{"taxonomy":"category","embeddable":true,"href":"https:\/\/www.merionline.com.br\/noticias\/wp-json\/wp\/v2\/categories?post=537"},{"taxonomy":"post_tag","embeddable":true,"href":"https:\/\/www.merionline.com.br\/noticias\/wp-json\/wp\/v2\/tags?post=537"}],"curies":[{"name":"wp","href":"https:\/\/api.w.org\/{rel}","templated":true}]}}