{"id":540,"date":"2020-02-05T17:31:18","date_gmt":"2020-02-05T19:31:18","guid":{"rendered":"http:\/\/www.merionline.com.br\/noticias\/?p=540"},"modified":"2020-02-14T17:32:45","modified_gmt":"2020-02-14T19:32:45","slug":"em-um-mes-prefeitura-afasta-2-motoristas","status":"publish","type":"post","link":"https:\/\/www.merionline.com.br\/noticias\/em-um-mes-prefeitura-afasta-2-motoristas\/","title":{"rendered":"Em um m\u00eas prefeitura afasta 2 motoristas"},"content":{"rendered":"<p>IN\u00c9DITO: Em apenas um m\u00eas, a prefeitura de Meridiano teve que afastar 2 motoristas de ambul\u00e2ncia, ambos est\u00e3o sendo investigados pela CI pelas suas condutas, a cidade ter\u00e1 que repor estes profissionais para evitar transtornos no setor e afetar o atendimento da popula\u00e7\u00e3o.<\/p>\n<p>Falamos com o Secret\u00e1rio da sa\u00fade Alex Garcia sobre o assunto, fomos informados de uma &#8220;poss\u00edvel&#8221; contrata\u00e7\u00e3o para repor estes motoristas, e poder\u00e1 ser aberto um novo processo seletivo o mais r\u00e1pido poss\u00edvel para contrata\u00e7\u00e3o destes profissionais.<\/p>\n<p><img loading=\"lazy\" decoding=\"async\" class=\"aligncenter size-full wp-image-172\" src=\"https:\/\/www.merionline.com.br\/noticias\/wp-content\/uploads\/2013\/11\/trevos.jpg\" alt=\"trevos\" width=\"600\" height=\"340\" srcset=\"https:\/\/www.merionline.com.br\/noticias\/wp-content\/uploads\/2013\/11\/trevos.jpg 600w, https:\/\/www.merionline.com.br\/noticias\/wp-content\/uploads\/2013\/11\/trevos-300x170.jpg 300w, https:\/\/www.merionline.com.br\/noticias\/wp-content\/uploads\/2013\/11\/trevos-320x180.jpg 320w\" sizes=\"(max-width: 600px) 100vw, 600px\" \/><\/p>\n","protected":false},"excerpt":{"rendered":"<p>IN\u00c9DITO: Em apenas um m\u00eas, a prefeitura de Meridiano teve que afastar 2 motoristas de ambul\u00e2ncia, ambos est\u00e3o sendo investigados pela CI pelas suas condutas, a cidade ter\u00e1 que repor estes profissionais para evitar transtornos no setor e afetar o atendimento da popula\u00e7\u00e3o. Falamos com o Secret\u00e1rio da sa\u00fade Alex Garcia sobre o assunto, fomos [&hellip;]<\/p>\n","protected":false},"author":1,"featured_media":172,"comment_status":"open","ping_status":"open","sticky":false,"template":"","format":"standard","meta":{"footnotes":""},"categories":[3,6],"tags":[],"_links":{"self":[{"href":"https:\/\/www.merionline.com.br\/noticias\/wp-json\/wp\/v2\/posts\/540"}],"collection":[{"href":"https:\/\/www.merionline.com.br\/noticias\/wp-json\/wp\/v2\/posts"}],"about":[{"href":"https:\/\/www.merionline.com.br\/noticias\/wp-json\/wp\/v2\/types\/post"}],"author":[{"embeddable":true,"href":"https:\/\/www.merionline.com.br\/noticias\/wp-json\/wp\/v2\/users\/1"}],"replies":[{"embeddable":true,"href":"https:\/\/www.merionline.com.br\/noticias\/wp-json\/wp\/v2\/comments?post=540"}],"version-history":[{"count":1,"href":"https:\/\/www.merionline.com.br\/noticias\/wp-json\/wp\/v2\/posts\/540\/revisions"}],"predecessor-version":[{"id":541,"href":"https:\/\/www.merionline.com.br\/noticias\/wp-json\/wp\/v2\/posts\/540\/revisions\/541"}],"wp:featuredmedia":[{"embeddable":true,"href":"https:\/\/www.merionline.com.br\/noticias\/wp-json\/wp\/v2\/media\/172"}],"wp:attachment":[{"href":"https:\/\/www.merionline.com.br\/noticias\/wp-json\/wp\/v2\/media?parent=540"}],"wp:term":[{"taxonomy":"category","embeddable":true,"href":"https:\/\/www.merionline.com.br\/noticias\/wp-json\/wp\/v2\/categories?post=540"},{"taxonomy":"post_tag","embeddable":true,"href":"https:\/\/www.merionline.com.br\/noticias\/wp-json\/wp\/v2\/tags?post=540"}],"curies":[{"name":"wp","href":"https:\/\/api.w.org\/{rel}","templated":true}]}}