{"id":542,"date":"2020-02-06T17:33:21","date_gmt":"2020-02-06T19:33:21","guid":{"rendered":"http:\/\/www.merionline.com.br\/noticias\/?p=542"},"modified":"2020-02-14T17:34:17","modified_gmt":"2020-02-14T19:34:17","slug":"vereador-claudio-tranqueira-acaba-de-renunciar","status":"publish","type":"post","link":"https:\/\/www.merionline.com.br\/noticias\/vereador-claudio-tranqueira-acaba-de-renunciar\/","title":{"rendered":"Vereador Claudio Tranqueira acaba de renunciar!"},"content":{"rendered":"<p>Vereador Claudio Tranqueira acaba de renunciar!<br \/>\nCl\u00e1udio que esta afastado de suas fun\u00e7\u00f5es como motorista da prefeitura de Meridiano, renunciou de seu cargo de Vereador agora a tarde (06\/02) !<\/p>\n<p><img loading=\"lazy\" decoding=\"async\" class=\"aligncenter size-full wp-image-543\" src=\"https:\/\/www.merionline.com.br\/noticias\/wp-content\/uploads\/2020\/02\/84399704_2358390644261379_8428006078603591680_o.jpg\" alt=\"84399704_2358390644261379_8428006078603591680_o\" width=\"702\" height=\"960\" srcset=\"https:\/\/www.merionline.com.br\/noticias\/wp-content\/uploads\/2020\/02\/84399704_2358390644261379_8428006078603591680_o.jpg 702w, https:\/\/www.merionline.com.br\/noticias\/wp-content\/uploads\/2020\/02\/84399704_2358390644261379_8428006078603591680_o-219x300.jpg 219w\" sizes=\"(max-width: 702px) 100vw, 702px\" \/><\/p>\n","protected":false},"excerpt":{"rendered":"<p>Vereador Claudio Tranqueira acaba de renunciar! Cl\u00e1udio que esta afastado de suas fun\u00e7\u00f5es como motorista da prefeitura de Meridiano, renunciou de seu cargo de Vereador agora a tarde (06\/02) !<\/p>\n","protected":false},"author":1,"featured_media":544,"comment_status":"open","ping_status":"open","sticky":false,"template":"","format":"standard","meta":{"footnotes":""},"categories":[3,6],"tags":[],"_links":{"self":[{"href":"https:\/\/www.merionline.com.br\/noticias\/wp-json\/wp\/v2\/posts\/542"}],"collection":[{"href":"https:\/\/www.merionline.com.br\/noticias\/wp-json\/wp\/v2\/posts"}],"about":[{"href":"https:\/\/www.merionline.com.br\/noticias\/wp-json\/wp\/v2\/types\/post"}],"author":[{"embeddable":true,"href":"https:\/\/www.merionline.com.br\/noticias\/wp-json\/wp\/v2\/users\/1"}],"replies":[{"embeddable":true,"href":"https:\/\/www.merionline.com.br\/noticias\/wp-json\/wp\/v2\/comments?post=542"}],"version-history":[{"count":1,"href":"https:\/\/www.merionline.com.br\/noticias\/wp-json\/wp\/v2\/posts\/542\/revisions"}],"predecessor-version":[{"id":545,"href":"https:\/\/www.merionline.com.br\/noticias\/wp-json\/wp\/v2\/posts\/542\/revisions\/545"}],"wp:featuredmedia":[{"embeddable":true,"href":"https:\/\/www.merionline.com.br\/noticias\/wp-json\/wp\/v2\/media\/544"}],"wp:attachment":[{"href":"https:\/\/www.merionline.com.br\/noticias\/wp-json\/wp\/v2\/media?parent=542"}],"wp:term":[{"taxonomy":"category","embeddable":true,"href":"https:\/\/www.merionline.com.br\/noticias\/wp-json\/wp\/v2\/categories?post=542"},{"taxonomy":"post_tag","embeddable":true,"href":"https:\/\/www.merionline.com.br\/noticias\/wp-json\/wp\/v2\/tags?post=542"}],"curies":[{"name":"wp","href":"https:\/\/api.w.org\/{rel}","templated":true}]}}