{"id":546,"date":"2020-02-11T17:35:45","date_gmt":"2020-02-11T19:35:45","guid":{"rendered":"http:\/\/www.merionline.com.br\/noticias\/?p=546"},"modified":"2020-02-14T17:38:44","modified_gmt":"2020-02-14T19:38:44","slug":"vereador-suplente-uelton-garcia-tomou-posse-hoje-11","status":"publish","type":"post","link":"https:\/\/www.merionline.com.br\/noticias\/vereador-suplente-uelton-garcia-tomou-posse-hoje-11\/","title":{"rendered":"Vereador suplente &#8220;Uelton Garcia&#8221; tomou posse hoje (11)"},"content":{"rendered":"<p>Uelton Garcia tomou posse hoje (11) pela manh\u00e3, Uelton era suplente e foi convocado ap\u00f3s a ren\u00fancia do Vereador Claudio.<\/p>\n<p>28 anos, nascido na cidade de Fernand\u00f3polis, residente no povoado do Santo Ant\u00f4nio do Viradouro a 15 anos, tomar\u00e1 posse na pr\u00f3xima semana como vereador de Meridiano. Uelton estava de suplente e est\u00e1 filiado no PSL.<\/p>\n<p><img loading=\"lazy\" decoding=\"async\" class=\"aligncenter size-full wp-image-547\" src=\"https:\/\/www.merionline.com.br\/noticias\/wp-content\/uploads\/2020\/02\/86330621_2367903723310071_5267470105108807680_n.jpg\" alt=\"86330621_2367903723310071_5267470105108807680_n\" width=\"528\" height=\"336\" srcset=\"https:\/\/www.merionline.com.br\/noticias\/wp-content\/uploads\/2020\/02\/86330621_2367903723310071_5267470105108807680_n.jpg 528w, https:\/\/www.merionline.com.br\/noticias\/wp-content\/uploads\/2020\/02\/86330621_2367903723310071_5267470105108807680_n-300x191.jpg 300w\" sizes=\"(max-width: 528px) 100vw, 528px\" \/><\/p>\n<p>&nbsp;<\/p>\n","protected":false},"excerpt":{"rendered":"<p>Uelton Garcia tomou posse hoje (11) pela manh\u00e3, Uelton era suplente e foi convocado ap\u00f3s a ren\u00fancia do Vereador Claudio. 28 anos, nascido na cidade de Fernand\u00f3polis, residente no povoado do Santo Ant\u00f4nio do Viradouro a 15 anos, tomar\u00e1 posse na pr\u00f3xima semana como vereador de Meridiano. Uelton estava de suplente e est\u00e1 filiado no [&hellip;]<\/p>\n","protected":false},"author":1,"featured_media":547,"comment_status":"open","ping_status":"open","sticky":false,"template":"","format":"standard","meta":{"footnotes":""},"categories":[3,6],"tags":[],"_links":{"self":[{"href":"https:\/\/www.merionline.com.br\/noticias\/wp-json\/wp\/v2\/posts\/546"}],"collection":[{"href":"https:\/\/www.merionline.com.br\/noticias\/wp-json\/wp\/v2\/posts"}],"about":[{"href":"https:\/\/www.merionline.com.br\/noticias\/wp-json\/wp\/v2\/types\/post"}],"author":[{"embeddable":true,"href":"https:\/\/www.merionline.com.br\/noticias\/wp-json\/wp\/v2\/users\/1"}],"replies":[{"embeddable":true,"href":"https:\/\/www.merionline.com.br\/noticias\/wp-json\/wp\/v2\/comments?post=546"}],"version-history":[{"count":1,"href":"https:\/\/www.merionline.com.br\/noticias\/wp-json\/wp\/v2\/posts\/546\/revisions"}],"predecessor-version":[{"id":548,"href":"https:\/\/www.merionline.com.br\/noticias\/wp-json\/wp\/v2\/posts\/546\/revisions\/548"}],"wp:featuredmedia":[{"embeddable":true,"href":"https:\/\/www.merionline.com.br\/noticias\/wp-json\/wp\/v2\/media\/547"}],"wp:attachment":[{"href":"https:\/\/www.merionline.com.br\/noticias\/wp-json\/wp\/v2\/media?parent=546"}],"wp:term":[{"taxonomy":"category","embeddable":true,"href":"https:\/\/www.merionline.com.br\/noticias\/wp-json\/wp\/v2\/categories?post=546"},{"taxonomy":"post_tag","embeddable":true,"href":"https:\/\/www.merionline.com.br\/noticias\/wp-json\/wp\/v2\/tags?post=546"}],"curies":[{"name":"wp","href":"https:\/\/api.w.org\/{rel}","templated":true}]}}