{"id":552,"date":"2020-02-14T21:02:12","date_gmt":"2020-02-15T00:02:12","guid":{"rendered":"http:\/\/www.merionline.com.br\/noticias\/?p=552"},"modified":"2020-02-15T02:16:42","modified_gmt":"2020-02-15T05:16:42","slug":"prefeito-de-meridiano-nomeia-nova-diretora-da-emei","status":"publish","type":"post","link":"https:\/\/www.merionline.com.br\/noticias\/prefeito-de-meridiano-nomeia-nova-diretora-da-emei\/","title":{"rendered":"Prefeito de Meridiano nomeia nova Diretora da Emei"},"content":{"rendered":"<p>MAICON FABIANO DE OLIVEIRA, Prefeito do Munic\u00edpio de Meridiano, Estado de SP, no uso de suas atribui\u00e7\u00f5es que lhe s\u00e3o conferidas por lei, <strong>REVOGA<\/strong>: a Portaria n\u00ba <strong>033\/2019<\/strong>, de 05 de abril de 2019, em que <strong><em>designava<\/em><\/strong> a servidora <em><strong>MARIA REGINA QUADRELLI<\/strong><\/em>, para exercer cumulativamente o cargo de <strong><em>Diretora de Escola<\/em><\/strong>.<\/p>\n<p>Com\u00a0esta revoga\u00e7\u00e3o, a servidora em quest\u00e3o voltar\u00e1 a exercer somente o seu cargo de professor PB-I.<\/p>\n<p>A nova Diretora nomeada, a senhora <em><strong>GISELE DA SILVA GUIRARDI<\/strong><\/em>, que era efetiva no cargo de professor PEB-I \u2013 24 horas, conforme Portaria n\u00ba 017\/2010, passa a\u00a0exercer tamb\u00e9m o cargo de DIRETOR DE ESCOLA, de provimento em comiss\u00e3o, com remunera\u00e7\u00e3o na Refer\u00eancia \u201c21\/A\u201c, correspondente ao cargo em ep\u00edgrafe, criado pelo Estatuto do Magist\u00e9rio.<\/p>\n<p><img loading=\"lazy\" decoding=\"async\" class=\"aligncenter size-medium_large wp-image-555\" src=\"https:\/\/www.merionline.com.br\/noticias\/wp-content\/uploads\/2020\/02\/73138411_2793427857336799_725742536928264192_o-768x508.jpg\" alt=\"73138411_2793427857336799_725742536928264192_o\" width=\"640\" height=\"423\" srcset=\"https:\/\/www.merionline.com.br\/noticias\/wp-content\/uploads\/2020\/02\/73138411_2793427857336799_725742536928264192_o-768x508.jpg 768w, https:\/\/www.merionline.com.br\/noticias\/wp-content\/uploads\/2020\/02\/73138411_2793427857336799_725742536928264192_o-300x199.jpg 300w, https:\/\/www.merionline.com.br\/noticias\/wp-content\/uploads\/2020\/02\/73138411_2793427857336799_725742536928264192_o-1024x678.jpg 1024w, https:\/\/www.merionline.com.br\/noticias\/wp-content\/uploads\/2020\/02\/73138411_2793427857336799_725742536928264192_o.jpg 1450w\" sizes=\"(max-width: 640px) 100vw, 640px\" \/><\/p>\n","protected":false},"excerpt":{"rendered":"<p>MAICON FABIANO DE OLIVEIRA, Prefeito do Munic\u00edpio de Meridiano, Estado de SP, no uso de suas atribui\u00e7\u00f5es que lhe s\u00e3o conferidas por lei, REVOGA: a Portaria n\u00ba 033\/2019, de 05 de abril de 2019, em que designava a servidora MARIA REGINA QUADRELLI, para exercer cumulativamente o cargo de Diretora de Escola. Com\u00a0esta revoga\u00e7\u00e3o, a servidora [&hellip;]<\/p>\n","protected":false},"author":1,"featured_media":555,"comment_status":"open","ping_status":"open","sticky":false,"template":"","format":"standard","meta":{"footnotes":""},"categories":[3,6],"tags":[],"_links":{"self":[{"href":"https:\/\/www.merionline.com.br\/noticias\/wp-json\/wp\/v2\/posts\/552"}],"collection":[{"href":"https:\/\/www.merionline.com.br\/noticias\/wp-json\/wp\/v2\/posts"}],"about":[{"href":"https:\/\/www.merionline.com.br\/noticias\/wp-json\/wp\/v2\/types\/post"}],"author":[{"embeddable":true,"href":"https:\/\/www.merionline.com.br\/noticias\/wp-json\/wp\/v2\/users\/1"}],"replies":[{"embeddable":true,"href":"https:\/\/www.merionline.com.br\/noticias\/wp-json\/wp\/v2\/comments?post=552"}],"version-history":[{"count":3,"href":"https:\/\/www.merionline.com.br\/noticias\/wp-json\/wp\/v2\/posts\/552\/revisions"}],"predecessor-version":[{"id":556,"href":"https:\/\/www.merionline.com.br\/noticias\/wp-json\/wp\/v2\/posts\/552\/revisions\/556"}],"wp:featuredmedia":[{"embeddable":true,"href":"https:\/\/www.merionline.com.br\/noticias\/wp-json\/wp\/v2\/media\/555"}],"wp:attachment":[{"href":"https:\/\/www.merionline.com.br\/noticias\/wp-json\/wp\/v2\/media?parent=552"}],"wp:term":[{"taxonomy":"category","embeddable":true,"href":"https:\/\/www.merionline.com.br\/noticias\/wp-json\/wp\/v2\/categories?post=552"},{"taxonomy":"post_tag","embeddable":true,"href":"https:\/\/www.merionline.com.br\/noticias\/wp-json\/wp\/v2\/tags?post=552"}],"curies":[{"name":"wp","href":"https:\/\/api.w.org\/{rel}","templated":true}]}}