{"id":562,"date":"2020-02-14T20:52:07","date_gmt":"2020-02-14T22:52:07","guid":{"rendered":"http:\/\/www.merionline.com.br\/noticias\/?p=562"},"modified":"2020-02-14T21:53:28","modified_gmt":"2020-02-14T23:53:28","slug":"vizinhos-brigam-por-som-alto-e-um-acaba-esfaqueado","status":"publish","type":"post","link":"https:\/\/www.merionline.com.br\/noticias\/vizinhos-brigam-por-som-alto-e-um-acaba-esfaqueado\/","title":{"rendered":"Vizinhos brigam por som alto e um acaba esfaqueado"},"content":{"rendered":"<p>O jovem foi socorrido por populares e levado at\u00e9 uma unidade da UPA<\/p>\n<p><em>Da Reda\u00e7\u00e3o<\/em><\/p>\n<p>O som automotivo em volume alto gerou uma briga entre vizinhos, no Jardim Arroyo em S\u00e3o Jos\u00e9 do Rio Preto, nesta quinta-feira.<\/p>\n<p>Conforme o registro policial, o desentendimento pelo mesmo motivo j\u00e1 provocou outras discuss\u00f5es entre os dois homens.<\/p>\n<p>Dessa vez, a v\u00edtima, um masseiro, de 26 anos, se recusou a baixar o som do ve\u00edculo e o acusado a golpeou com uma facada no antebra\u00e7o esquerdo.<\/p>\n<p>O jovem foi socorrido por populares at\u00e9 a UPA Norte. O suspeito, um soldador, de 31 anos, foi indiciado por les\u00e3o corporal. Caso segue sendo investigado.<\/p>\n<p><img loading=\"lazy\" decoding=\"async\" class=\"aligncenter size-full wp-image-563\" src=\"https:\/\/www.merionline.com.br\/noticias\/wp-content\/uploads\/2020\/02\/2a5be4a1b5da0f6aed69940211e4f73f___medialibrary_original_450_368.png\" alt=\"2a5be4a1b5da0f6aed69940211e4f73f___medialibrary_original_450_368\" width=\"449\" height=\"368\" srcset=\"https:\/\/www.merionline.com.br\/noticias\/wp-content\/uploads\/2020\/02\/2a5be4a1b5da0f6aed69940211e4f73f___medialibrary_original_450_368.png 449w, https:\/\/www.merionline.com.br\/noticias\/wp-content\/uploads\/2020\/02\/2a5be4a1b5da0f6aed69940211e4f73f___medialibrary_original_450_368-300x246.png 300w\" sizes=\"(max-width: 449px) 100vw, 449px\" \/><\/p>\n<p><em>Fonte: DHoje Interior<\/em><\/p>\n<p>&nbsp;<\/p>\n","protected":false},"excerpt":{"rendered":"<p>O jovem foi socorrido por populares e levado at\u00e9 uma unidade da UPA Da Reda\u00e7\u00e3o O som automotivo em volume alto gerou uma briga entre vizinhos, no Jardim Arroyo em S\u00e3o Jos\u00e9 do Rio Preto, nesta quinta-feira. Conforme o registro policial, o desentendimento pelo mesmo motivo j\u00e1 provocou outras discuss\u00f5es entre os dois homens. Dessa [&hellip;]<\/p>\n","protected":false},"author":1,"featured_media":563,"comment_status":"open","ping_status":"open","sticky":false,"template":"","format":"standard","meta":{"footnotes":""},"categories":[2],"tags":[],"_links":{"self":[{"href":"https:\/\/www.merionline.com.br\/noticias\/wp-json\/wp\/v2\/posts\/562"}],"collection":[{"href":"https:\/\/www.merionline.com.br\/noticias\/wp-json\/wp\/v2\/posts"}],"about":[{"href":"https:\/\/www.merionline.com.br\/noticias\/wp-json\/wp\/v2\/types\/post"}],"author":[{"embeddable":true,"href":"https:\/\/www.merionline.com.br\/noticias\/wp-json\/wp\/v2\/users\/1"}],"replies":[{"embeddable":true,"href":"https:\/\/www.merionline.com.br\/noticias\/wp-json\/wp\/v2\/comments?post=562"}],"version-history":[{"count":1,"href":"https:\/\/www.merionline.com.br\/noticias\/wp-json\/wp\/v2\/posts\/562\/revisions"}],"predecessor-version":[{"id":564,"href":"https:\/\/www.merionline.com.br\/noticias\/wp-json\/wp\/v2\/posts\/562\/revisions\/564"}],"wp:featuredmedia":[{"embeddable":true,"href":"https:\/\/www.merionline.com.br\/noticias\/wp-json\/wp\/v2\/media\/563"}],"wp:attachment":[{"href":"https:\/\/www.merionline.com.br\/noticias\/wp-json\/wp\/v2\/media?parent=562"}],"wp:term":[{"taxonomy":"category","embeddable":true,"href":"https:\/\/www.merionline.com.br\/noticias\/wp-json\/wp\/v2\/categories?post=562"},{"taxonomy":"post_tag","embeddable":true,"href":"https:\/\/www.merionline.com.br\/noticias\/wp-json\/wp\/v2\/tags?post=562"}],"curies":[{"name":"wp","href":"https:\/\/api.w.org\/{rel}","templated":true}]}}