{"id":565,"date":"2020-02-12T22:12:19","date_gmt":"2020-02-13T00:12:19","guid":{"rendered":"http:\/\/www.merionline.com.br\/noticias\/?p=565"},"modified":"2020-02-14T22:15:30","modified_gmt":"2020-02-15T00:15:30","slug":"servicos-publicos-voltam-ao-normal-no-dia-26","status":"publish","type":"post","link":"https:\/\/www.merionline.com.br\/noticias\/servicos-publicos-voltam-ao-normal-no-dia-26\/","title":{"rendered":"Meridiano, Servi\u00e7os p\u00fablicos voltam ao normal no dia 26"},"content":{"rendered":"<p>Prefeito de Meridiano, no uso de suas atribui\u00e7\u00f5es que lhe s\u00e3o conferidas por lei, DECRETA:<\/p>\n<p>Fica suspenso o expediente nas reparti\u00e7\u00f5es municipais nos seguintes dias:\u00a0 24\/02\/2020 \u2013 (segunda-feira), que antecede o dia de carnaval;\u00a0 25\/02\/2020 \u2013 (ter\u00e7a-feira), dia de carnaval.<\/p>\n<p>Par\u00e1grafo \u00danico \u2013 O expediente nas reparti\u00e7\u00f5es municipais no dia 26\/02\/2020 (quarta-feira de cinzas), ter\u00e1 in\u00edcio a partir das 13:00 horas. Art. 2\u00ba &#8211; Excetuam-se do disposto no art. 1\u00ba deste Decreto, os setores que prestam servi\u00e7os essenciais e de interesse p\u00fablico, que por suas naturezas tenham necessidades de manter expediente ou atendimento cont\u00ednuo ou parcial.<\/p>\n<p><img loading=\"lazy\" decoding=\"async\" class=\"aligncenter size-full wp-image-566\" src=\"https:\/\/www.merionline.com.br\/noticias\/wp-content\/uploads\/2020\/02\/carnaval.jpg\" alt=\"carnaval\" width=\"700\" height=\"513\" srcset=\"https:\/\/www.merionline.com.br\/noticias\/wp-content\/uploads\/2020\/02\/carnaval.jpg 700w, https:\/\/www.merionline.com.br\/noticias\/wp-content\/uploads\/2020\/02\/carnaval-300x220.jpg 300w\" sizes=\"(max-width: 700px) 100vw, 700px\" \/><\/p>\n","protected":false},"excerpt":{"rendered":"<p>Prefeito de Meridiano, no uso de suas atribui\u00e7\u00f5es que lhe s\u00e3o conferidas por lei, DECRETA: Fica suspenso o expediente nas reparti\u00e7\u00f5es municipais nos seguintes dias:\u00a0 24\/02\/2020 \u2013 (segunda-feira), que antecede o dia de carnaval;\u00a0 25\/02\/2020 \u2013 (ter\u00e7a-feira), dia de carnaval. Par\u00e1grafo \u00danico \u2013 O expediente nas reparti\u00e7\u00f5es municipais no dia 26\/02\/2020 (quarta-feira de cinzas), ter\u00e1 [&hellip;]<\/p>\n","protected":false},"author":1,"featured_media":566,"comment_status":"open","ping_status":"open","sticky":false,"template":"","format":"standard","meta":{"footnotes":""},"categories":[6],"tags":[],"_links":{"self":[{"href":"https:\/\/www.merionline.com.br\/noticias\/wp-json\/wp\/v2\/posts\/565"}],"collection":[{"href":"https:\/\/www.merionline.com.br\/noticias\/wp-json\/wp\/v2\/posts"}],"about":[{"href":"https:\/\/www.merionline.com.br\/noticias\/wp-json\/wp\/v2\/types\/post"}],"author":[{"embeddable":true,"href":"https:\/\/www.merionline.com.br\/noticias\/wp-json\/wp\/v2\/users\/1"}],"replies":[{"embeddable":true,"href":"https:\/\/www.merionline.com.br\/noticias\/wp-json\/wp\/v2\/comments?post=565"}],"version-history":[{"count":3,"href":"https:\/\/www.merionline.com.br\/noticias\/wp-json\/wp\/v2\/posts\/565\/revisions"}],"predecessor-version":[{"id":569,"href":"https:\/\/www.merionline.com.br\/noticias\/wp-json\/wp\/v2\/posts\/565\/revisions\/569"}],"wp:featuredmedia":[{"embeddable":true,"href":"https:\/\/www.merionline.com.br\/noticias\/wp-json\/wp\/v2\/media\/566"}],"wp:attachment":[{"href":"https:\/\/www.merionline.com.br\/noticias\/wp-json\/wp\/v2\/media?parent=565"}],"wp:term":[{"taxonomy":"category","embeddable":true,"href":"https:\/\/www.merionline.com.br\/noticias\/wp-json\/wp\/v2\/categories?post=565"},{"taxonomy":"post_tag","embeddable":true,"href":"https:\/\/www.merionline.com.br\/noticias\/wp-json\/wp\/v2\/tags?post=565"}],"curies":[{"name":"wp","href":"https:\/\/api.w.org\/{rel}","templated":true}]}}