{"id":570,"date":"2020-02-15T00:39:59","date_gmt":"2020-02-15T02:39:59","guid":{"rendered":"http:\/\/www.merionline.com.br\/noticias\/?p=570"},"modified":"2020-02-15T01:54:29","modified_gmt":"2020-02-15T04:54:29","slug":"cratera-aberta-em-dezembro-custou-aos-cofres-367-mil","status":"publish","type":"post","link":"https:\/\/www.merionline.com.br\/noticias\/cratera-aberta-em-dezembro-custou-aos-cofres-367-mil\/","title":{"rendered":"Cratera aberta em Dezembro vai custar aos cofres 367 mil"},"content":{"rendered":"<p>Custos com as obras para manuten\u00e7\u00e3o da &#8220;Cratera&#8221; aberta em dezembro de 2019 no valor de <strong>R$ 167.000,00<\/strong> (cento e sessenta e sete mil reais) aprovado em sess\u00e3o Extraordin\u00e1ria, n\u00e3o foi suficiente. Na sess\u00e3o ordin\u00e1ria deste m\u00eas (03\/02) o chefe do executivo (prefeito) solicitou\u00a0mais uma suplementa\u00e7\u00e3o no valor de <strong>R$ 200.000,00<\/strong> (duzentos mil reais)\u00a0que foi aprovado por unanimidade pelos vereadores.<\/p>\n<p>Em contato com o engenheiro da prefeitura, o mesmo informou a necessidade de uma\u00a0nova obra\u00a0de amplia\u00e7\u00e3o de rede e desativa\u00e7\u00e3o de outras. Questionado sobre o valor adicional de <strong>R$ 200 mil reais,<\/strong>\u00a0ele informou que ser\u00e1 usado\u00a0para novos reparos que n\u00e3o estavam no or\u00e7amento emergencial, o engenheiro ainda diz; &#8220;<em>\u00c9 de extrema necessidade esta nova obra para manter a rede sem sobrecarga evitando gastos novamente no futuro e at\u00e9 mesmo acidentes<\/em>&#8221;<\/p>\n<p><em><strong>Entenda<\/strong><\/em><\/p>\n<p>Uma cratera com aproximadamente 4 metros de comprimento foi aberta repentinamente na Rua S\u00e3o Paulo (frente ao futuro parque do povo)\u00a0em dezembro do ano passado (19) e\u00a0foi interditado pela prefeitura at\u00e9 a regulariza\u00e7\u00e3o dos reparos. N\u00e3o houve a necessidade de fazer licita\u00e7\u00e3o, pois os reparos\u00a0eram de\u00a0urg\u00eancia, nestes casos \u00e9 dispensado o uso de licita\u00e7\u00e3o.<\/p>\n<div class=\"text_exposed_show\">\n<p><img loading=\"lazy\" decoding=\"async\" class=\"aligncenter size-medium_large wp-image-571\" src=\"https:\/\/www.merionline.com.br\/noticias\/wp-content\/uploads\/2020\/02\/cratera-768x432.jpg\" alt=\"cratera\" width=\"640\" height=\"360\" srcset=\"https:\/\/www.merionline.com.br\/noticias\/wp-content\/uploads\/2020\/02\/cratera-768x432.jpg 768w, https:\/\/www.merionline.com.br\/noticias\/wp-content\/uploads\/2020\/02\/cratera-300x169.jpg 300w, https:\/\/www.merionline.com.br\/noticias\/wp-content\/uploads\/2020\/02\/cratera-1024x576.jpg 1024w, https:\/\/www.merionline.com.br\/noticias\/wp-content\/uploads\/2020\/02\/cratera-640x360.jpg 640w, https:\/\/www.merionline.com.br\/noticias\/wp-content\/uploads\/2020\/02\/cratera-320x180.jpg 320w, https:\/\/www.merionline.com.br\/noticias\/wp-content\/uploads\/2020\/02\/cratera.jpg 1920w\" sizes=\"(max-width: 640px) 100vw, 640px\" \/><\/p>\n<p>&nbsp;<\/p>\n<p>&nbsp;<\/p>\n<\/div>\n","protected":false},"excerpt":{"rendered":"<p>Custos com as obras para manuten\u00e7\u00e3o da &#8220;Cratera&#8221; aberta em dezembro de 2019 no valor de R$ 167.000,00 (cento e sessenta e sete mil reais) aprovado em sess\u00e3o Extraordin\u00e1ria, n\u00e3o foi suficiente. Na sess\u00e3o ordin\u00e1ria deste m\u00eas (03\/02) o chefe do executivo (prefeito) solicitou\u00a0mais uma suplementa\u00e7\u00e3o no valor de R$ 200.000,00 (duzentos mil reais)\u00a0que foi [&hellip;]<\/p>\n","protected":false},"author":1,"featured_media":571,"comment_status":"open","ping_status":"open","sticky":false,"template":"","format":"standard","meta":{"footnotes":""},"categories":[3,6],"tags":[],"_links":{"self":[{"href":"https:\/\/www.merionline.com.br\/noticias\/wp-json\/wp\/v2\/posts\/570"}],"collection":[{"href":"https:\/\/www.merionline.com.br\/noticias\/wp-json\/wp\/v2\/posts"}],"about":[{"href":"https:\/\/www.merionline.com.br\/noticias\/wp-json\/wp\/v2\/types\/post"}],"author":[{"embeddable":true,"href":"https:\/\/www.merionline.com.br\/noticias\/wp-json\/wp\/v2\/users\/1"}],"replies":[{"embeddable":true,"href":"https:\/\/www.merionline.com.br\/noticias\/wp-json\/wp\/v2\/comments?post=570"}],"version-history":[{"count":10,"href":"https:\/\/www.merionline.com.br\/noticias\/wp-json\/wp\/v2\/posts\/570\/revisions"}],"predecessor-version":[{"id":579,"href":"https:\/\/www.merionline.com.br\/noticias\/wp-json\/wp\/v2\/posts\/570\/revisions\/579"}],"wp:featuredmedia":[{"embeddable":true,"href":"https:\/\/www.merionline.com.br\/noticias\/wp-json\/wp\/v2\/media\/571"}],"wp:attachment":[{"href":"https:\/\/www.merionline.com.br\/noticias\/wp-json\/wp\/v2\/media?parent=570"}],"wp:term":[{"taxonomy":"category","embeddable":true,"href":"https:\/\/www.merionline.com.br\/noticias\/wp-json\/wp\/v2\/categories?post=570"},{"taxonomy":"post_tag","embeddable":true,"href":"https:\/\/www.merionline.com.br\/noticias\/wp-json\/wp\/v2\/tags?post=570"}],"curies":[{"name":"wp","href":"https:\/\/api.w.org\/{rel}","templated":true}]}}