{"id":587,"date":"2020-02-15T18:56:59","date_gmt":"2020-02-15T21:56:59","guid":{"rendered":"http:\/\/www.merionline.com.br\/noticias\/?p=587"},"modified":"2020-02-15T20:01:05","modified_gmt":"2020-02-15T23:01:05","slug":"maiza-rio-volta-a-carga-contra-festas-open-bar","status":"publish","type":"post","link":"https:\/\/www.merionline.com.br\/noticias\/maiza-rio-volta-a-carga-contra-festas-open-bar\/","title":{"rendered":"Maiza Rio volta \u00e0 carga contra festas &#8220;open bar&#8221;"},"content":{"rendered":"<p><em>Depois da proposta de proibi\u00e7\u00e3o, vereadora quer regulamentar esse tipo de evento<\/em><\/p>\n<div class=\"font-family-serif materia__texto\">\n<p><strong><em>Gustavo Jesus<\/em><\/strong><\/p>\n<p>Depois da pol\u00eamica criada pela proposi\u00e7\u00e3o de um projeto de Lei que proibia a realiza\u00e7\u00e3o de festas na modalidade &#8220;open bar&#8221;, em Fernand\u00f3polis, a vereadora Maiza Rio (PSDB), protocolou nova propositura contra esse tipo de evento.<\/p>\n<p>Se na proposta de 2017 Maiza queria acabar com as festas open bar, o projeto protocolado pela vereadora no in\u00edcio deste m\u00eas visa regulamentar a realiza\u00e7\u00e3o desses eventos. A principal novidade \u00e9 a obrigatoriedade do &#8220;open food&#8221; &#8211; comida liberada junto ao pre\u00e7o do ingresso -, para a libera\u00e7\u00e3o do Alvar\u00e1.<\/p>\n<p>De acordo com o texto, &#8220;a realiza\u00e7\u00e3o de eventos open bar somente ser\u00e1 permitida se houver, simultaneamente, o sistema open food, consistente no fornecimento de refei\u00e7\u00f5es completas (almo\u00e7o ou jantar) com comidas tamb\u00e9m servidas \u00e0 vontade dos clientes e pagamento j\u00e1 incluso no pre\u00e7o do ingresso&#8221;.<\/p>\n<p>Maiza defende a regulamenta\u00e7\u00e3o porque, segundo ela, haver\u00e1 mais seguran\u00e7a parao p\u00fablico e a sociedade. \u201cTodos sabem que al\u00e9m de vereadora, sou policial, e como tal, sei que muitas pessoas, principalmente os jovens, saem destas festas, embriagados, o que representa in\u00fameros riscos a eles e a outros. Por isso, entendo que regulamentar a realiza\u00e7\u00e3o desses eventos, estabelecendo regras, limites e san\u00e7\u00f5es aos organizadores, em caso de descumprimento, resultar\u00e1 em maior seguran\u00e7a para o p\u00fablico e para a sociedade\u201d, disse a vereadora.<\/p>\n<p>A lei \u00e9 expressa em n\u00e3o admitir o fornecimento apenas de por\u00e7\u00f5es ou petiscos, como salgadinhos, batatas fritas e demais alimentos cong\u00eaneres.<\/p>\n<p>Na justificativa do projeto, s\u00e3o consideradas festas open bar aquelas com o fornecimento e livre consumo de bebidas alco\u00f3licas cujo valor de pagamento pelo livre consumo dessas bebidas j\u00e1 esteja embutido no pre\u00e7o do ingresso ou que venham a ser de qualquer forma objeto de atrativo para o consumo de bebidas alco\u00f3licas.<\/p>\n<p>Eventos dessa natureza tamb\u00e9m ser\u00e3o obrigados a expedir Alvar\u00e1 de Licen\u00e7a na Prefeitura. Ap\u00f3s sua expedi\u00e7\u00e3o, os promotores pela realiza\u00e7\u00e3o do evento dever\u00e3o comunicar o Juizado Especial da Inf\u00e2ncia e Adolesc\u00eancia, o Conselho Tutelar e o Comando da Pol\u00edcia Militar local, para prestar informa\u00e7\u00f5es sobre a festa.<\/p>\n<p>As multas para quem descumprir a lei varias de R$ 70.570,00 para eventos com at\u00e9 500 pessoas, at\u00e9 R$ 282.280,00 para festas com mais de 1 mil presentes.<\/p>\n<p>O valor arrecadado com poss\u00edveis multas oriundas da propositura ser\u00e1 destinado integralmente em benef\u00edcio de entidades que desenvolvam trabalhos voltados \u00e0 preven\u00e7\u00e3o ou tratamento contra o alcoolismo, legalmente constitu\u00eddas e devidamente credenciadas pelo Poder P\u00fablico Municipal.<\/p>\n<p><img loading=\"lazy\" decoding=\"async\" class=\"aligncenter size-full wp-image-588\" src=\"https:\/\/www.merionline.com.br\/noticias\/wp-content\/uploads\/2020\/02\/0fd4c8ad9cc01ea806f974c0e25537be___medialibrary_original_450_300.jpeg\" alt=\"0fd4c8ad9cc01ea806f974c0e25537be___medialibrary_original_450_300\" width=\"449\" height=\"300\" srcset=\"https:\/\/www.merionline.com.br\/noticias\/wp-content\/uploads\/2020\/02\/0fd4c8ad9cc01ea806f974c0e25537be___medialibrary_original_450_300.jpeg 449w, https:\/\/www.merionline.com.br\/noticias\/wp-content\/uploads\/2020\/02\/0fd4c8ad9cc01ea806f974c0e25537be___medialibrary_original_450_300-300x200.jpeg 300w\" sizes=\"(max-width: 449px) 100vw, 449px\" \/><\/p>\n<p>Fonte: Oextra.net<\/p>\n<\/div>\n","protected":false},"excerpt":{"rendered":"<p>Depois da proposta de proibi\u00e7\u00e3o, vereadora quer regulamentar esse tipo de evento Gustavo Jesus Depois da pol\u00eamica criada pela proposi\u00e7\u00e3o de um projeto de Lei que proibia a realiza\u00e7\u00e3o de festas na modalidade &#8220;open bar&#8221;, em Fernand\u00f3polis, a vereadora Maiza Rio (PSDB), protocolou nova propositura contra esse tipo de evento. Se na proposta de 2017 [&hellip;]<\/p>\n","protected":false},"author":1,"featured_media":588,"comment_status":"open","ping_status":"open","sticky":false,"template":"","format":"standard","meta":{"footnotes":""},"categories":[2],"tags":[],"_links":{"self":[{"href":"https:\/\/www.merionline.com.br\/noticias\/wp-json\/wp\/v2\/posts\/587"}],"collection":[{"href":"https:\/\/www.merionline.com.br\/noticias\/wp-json\/wp\/v2\/posts"}],"about":[{"href":"https:\/\/www.merionline.com.br\/noticias\/wp-json\/wp\/v2\/types\/post"}],"author":[{"embeddable":true,"href":"https:\/\/www.merionline.com.br\/noticias\/wp-json\/wp\/v2\/users\/1"}],"replies":[{"embeddable":true,"href":"https:\/\/www.merionline.com.br\/noticias\/wp-json\/wp\/v2\/comments?post=587"}],"version-history":[{"count":1,"href":"https:\/\/www.merionline.com.br\/noticias\/wp-json\/wp\/v2\/posts\/587\/revisions"}],"predecessor-version":[{"id":589,"href":"https:\/\/www.merionline.com.br\/noticias\/wp-json\/wp\/v2\/posts\/587\/revisions\/589"}],"wp:featuredmedia":[{"embeddable":true,"href":"https:\/\/www.merionline.com.br\/noticias\/wp-json\/wp\/v2\/media\/588"}],"wp:attachment":[{"href":"https:\/\/www.merionline.com.br\/noticias\/wp-json\/wp\/v2\/media?parent=587"}],"wp:term":[{"taxonomy":"category","embeddable":true,"href":"https:\/\/www.merionline.com.br\/noticias\/wp-json\/wp\/v2\/categories?post=587"},{"taxonomy":"post_tag","embeddable":true,"href":"https:\/\/www.merionline.com.br\/noticias\/wp-json\/wp\/v2\/tags?post=587"}],"curies":[{"name":"wp","href":"https:\/\/api.w.org\/{rel}","templated":true}]}}