{"id":592,"date":"2019-10-29T13:07:04","date_gmt":"2019-10-29T16:07:04","guid":{"rendered":"http:\/\/www.merionline.com.br\/noticias\/?p=592"},"modified":"2020-02-15T20:09:13","modified_gmt":"2020-02-15T23:09:13","slug":"meridiano-sedia-28o-encontro-da-regiao-turistica-maravilhas-do-rio-grande","status":"publish","type":"post","link":"https:\/\/www.merionline.com.br\/noticias\/meridiano-sedia-28o-encontro-da-regiao-turistica-maravilhas-do-rio-grande\/","title":{"rendered":"Meridiano sedia 28\u00ba encontro da regi\u00e3o tur\u00edstica Maravilhas do Rio Grande"},"content":{"rendered":"<p><em>Encontro aconteceu no Plen\u00e1rio da C\u00e2mara Municipal de Meridiano<\/em><\/p>\n<p><em>Da reda\u00e7\u00e3o<\/em><\/p>\n<p>O munic\u00edpio \u00a0de Meridiano \u00a0foi sede, na \u00faltima ter\u00e7a-feira, \u00a029, do 28\u00b0 Encontro da Regi\u00e3o Tur\u00edstica Maravilhas do Rio Grande. Representantes de 13 munic\u00edpios, dos 14, \u00a0que comp\u00f5em a RT, participaram do encontro que aconteceu no Plen\u00e1rio da C\u00e2mara Municipal de Meridiano.<\/p>\n<p>O Encontro contou com a participa\u00e7\u00e3o do prefeito anfitri\u00e3o Maicon Fabiano, dos vereadores e de toda diretoria da RT, o presidente Edson Genari, o vice \u2013presidente Jean Lipter, a secretaria Cristina Murakami e o Diretor de Imprensa C\u00e9zar Silva.<\/p>\n<p>Ap\u00f3s a abertura oficial do encontro feita \u00a0pelo prefeito Maicon Fabiano o presidente da RT Edson Genari abriu espa\u00e7o para os \u00a0representantes do SEBRAE, que \u00a0apresentaram aos participantes o Programa de Desenvolvimento Regional voltado ao \u00a0turismo.<\/p>\n<p>Esteve na pauta a participa\u00e7\u00e3o da RT Maravilhas do Rio Grande na \u00a0capacita\u00e7\u00e3o realizada na cidade de Ara\u00e7atuba \u00a0no in\u00edcio do m\u00eas de outubro, \u00a0na reuni\u00e3o com as RTs com o Secret\u00e1rio Executivo de Turismo do Estado de S\u00e3o Paulo, realizada \u00a0no \u00faltimo dia, 16, e no Semin\u00e1rio de Desenvolvimento de Turismo para a regi\u00e3o do Alto Tiet\u00ea realizado em Guarulhos no dia 23.<\/p>\n<p>O vice-presidente da RT Maravilhas do Rio Grande, Jean Lipter, apresentou durante o encontro, os resultados por munic\u00edpio dos estabelecimentos classificados e que v\u00e3o compor o Roteiro Gastron\u00f4mico Maravilhas e seus Sabores.<\/p>\n<p><img loading=\"lazy\" decoding=\"async\" class=\"aligncenter size-full wp-image-593\" src=\"https:\/\/www.merionline.com.br\/noticias\/wp-content\/uploads\/2020\/02\/1ad3b7a4952aacda22f2e2dbf85f7b81___medialibrary_original_450_253.jpg\" alt=\"1ad3b7a4952aacda22f2e2dbf85f7b81___medialibrary_original_450_253\" width=\"450\" height=\"253\" srcset=\"https:\/\/www.merionline.com.br\/noticias\/wp-content\/uploads\/2020\/02\/1ad3b7a4952aacda22f2e2dbf85f7b81___medialibrary_original_450_253.jpg 450w, https:\/\/www.merionline.com.br\/noticias\/wp-content\/uploads\/2020\/02\/1ad3b7a4952aacda22f2e2dbf85f7b81___medialibrary_original_450_253-300x169.jpg 300w, https:\/\/www.merionline.com.br\/noticias\/wp-content\/uploads\/2020\/02\/1ad3b7a4952aacda22f2e2dbf85f7b81___medialibrary_original_450_253-320x180.jpg 320w\" sizes=\"(max-width: 450px) 100vw, 450px\" \/><\/p>\n<p>&nbsp;<\/p>\n","protected":false},"excerpt":{"rendered":"<p>Encontro aconteceu no Plen\u00e1rio da C\u00e2mara Municipal de Meridiano Da reda\u00e7\u00e3o O munic\u00edpio \u00a0de Meridiano \u00a0foi sede, na \u00faltima ter\u00e7a-feira, \u00a029, do 28\u00b0 Encontro da Regi\u00e3o Tur\u00edstica Maravilhas do Rio Grande. Representantes de 13 munic\u00edpios, dos 14, \u00a0que comp\u00f5em a RT, participaram do encontro que aconteceu no Plen\u00e1rio da C\u00e2mara Municipal de Meridiano. O Encontro [&hellip;]<\/p>\n","protected":false},"author":1,"featured_media":593,"comment_status":"open","ping_status":"open","sticky":false,"template":"","format":"standard","meta":{"footnotes":""},"categories":[3],"tags":[],"_links":{"self":[{"href":"https:\/\/www.merionline.com.br\/noticias\/wp-json\/wp\/v2\/posts\/592"}],"collection":[{"href":"https:\/\/www.merionline.com.br\/noticias\/wp-json\/wp\/v2\/posts"}],"about":[{"href":"https:\/\/www.merionline.com.br\/noticias\/wp-json\/wp\/v2\/types\/post"}],"author":[{"embeddable":true,"href":"https:\/\/www.merionline.com.br\/noticias\/wp-json\/wp\/v2\/users\/1"}],"replies":[{"embeddable":true,"href":"https:\/\/www.merionline.com.br\/noticias\/wp-json\/wp\/v2\/comments?post=592"}],"version-history":[{"count":1,"href":"https:\/\/www.merionline.com.br\/noticias\/wp-json\/wp\/v2\/posts\/592\/revisions"}],"predecessor-version":[{"id":594,"href":"https:\/\/www.merionline.com.br\/noticias\/wp-json\/wp\/v2\/posts\/592\/revisions\/594"}],"wp:featuredmedia":[{"embeddable":true,"href":"https:\/\/www.merionline.com.br\/noticias\/wp-json\/wp\/v2\/media\/593"}],"wp:attachment":[{"href":"https:\/\/www.merionline.com.br\/noticias\/wp-json\/wp\/v2\/media?parent=592"}],"wp:term":[{"taxonomy":"category","embeddable":true,"href":"https:\/\/www.merionline.com.br\/noticias\/wp-json\/wp\/v2\/categories?post=592"},{"taxonomy":"post_tag","embeddable":true,"href":"https:\/\/www.merionline.com.br\/noticias\/wp-json\/wp\/v2\/tags?post=592"}],"curies":[{"name":"wp","href":"https:\/\/api.w.org\/{rel}","templated":true}]}}