{"id":608,"date":"2020-02-16T20:48:27","date_gmt":"2020-02-16T23:48:27","guid":{"rendered":"http:\/\/www.merionline.com.br\/noticias\/?p=608"},"modified":"2020-02-16T20:48:27","modified_gmt":"2020-02-16T23:48:27","slug":"whatsapp-ultrapassa-2-bilhoes-de-usuarios-em-todo-o-mundo","status":"publish","type":"post","link":"https:\/\/www.merionline.com.br\/noticias\/whatsapp-ultrapassa-2-bilhoes-de-usuarios-em-todo-o-mundo\/","title":{"rendered":"WhatsApp ultrapassa 2 bilh\u00f5es de usu\u00e1rios em todo o mundo"},"content":{"rendered":"<pre class=\"content-head__subtitle\"><em>WhatsApp celebra marca hist\u00f3rica nesta quarta-feira (12), prestes a completar 11 anos de lan\u00e7amento\r\n<\/em><\/pre>\n<div class=\"mc-column content-text active-extra-styles active-capital-letter\" data-block-type=\"unstyled\" data-block-weight=\"44\" data-block-id=\"1\">\n<p class=\"content-text__container theme-color-primary-first-letter\" data-track-category=\"Link no Texto\" data-track-links=\"\">O\u00a0<a href=\"https:\/\/www.techtudo.com.br\/tudo-sobre\/whatsapp-messenger.html\">WhatsApp\u00a0<\/a>anunciou, nesta quarta-feira (12), que ultrapassou a marca de 2 bilh\u00f5es de usu\u00e1rios em todo o mundo. O mensageiro \u00e9 o segundo\u00a0<a href=\"https:\/\/www.techtudo.com.br\/softwares\/apps\/\">aplicativo<\/a>\u00a0de propriedade do\u00a0<a href=\"https:\/\/www.techtudo.com.br\/tudo-sobre\/facebook.html\">Facebook\u00a0<\/a>a conquistar o feito desde que a\u00a0<a href=\"https:\/\/www.techtudo.com.br\/softwares\/apps\/redes-sociais\/\">rede social<\/a>\u00a0atingiu o\u00a0<a href=\"https:\/\/www.techtudo.com.br\/noticias\/2017\/06\/facebook-chega-a-2-bilhoes-de-usuarios.ghtml\">mesmo n\u00famero, em 2017<\/a>.<\/p>\n<\/div>\n<div class=\"wall protected-content\">\n<div class=\"mc-column content-text active-extra-styles \" data-block-type=\"unstyled\" data-block-weight=\"11\" data-block-id=\"2\">\u00a0Lan\u00e7ado em 2009, o app de mensagens celebra o recorde hist\u00f3rico\u00a0<a href=\"https:\/\/www.techtudo.com.br\/noticias\/2019\/02\/dez-anos-do-whatsapp-veja-as-novidades-mais-marcantes-do-app.ghtml\">prestes a completar 11 anos<\/a>\u00a0e passados pouco mais de cinco anos desde que foi\u00a0<a href=\"https:\/\/www.techtudo.com.br\/noticias\/noticia\/2014\/02\/facebook-anuncia-compra-do-whatsapp-por-us-16-bilhoes.html\">adquirido pela empresa<\/a>\u00a0de\u00a0<a href=\"http:\/\/www.techtudo.com.br\/tudo-sobre\/mark-zuckerberg.html\">Mark Zuckerberg<\/a>\u00a0por US$ 16 bilh\u00f5es, em 2014.<\/div>\n<div class=\"mc-column content-text active-extra-styles \" data-block-type=\"unstyled\" data-block-weight=\"38\" data-block-id=\"3\">\n<div class=\"mc-column content-text active-extra-styles \" data-block-type=\"unstyled\" data-block-weight=\"13\" data-block-id=\"5\">\n<p class=\"content-text__container \" data-track-category=\"Link no Texto\" data-track-links=\"\">Quer comprar celular, TV e outros produtos com desconto?\u00a0<a href=\"https:\/\/compare.techtudo.com.br\/\" target=\"_blank\">Conhe\u00e7a o Compare TechTudo<\/a><\/p>\n<\/div>\n<div class=\"mc-column content-text active-extra-styles \" data-block-type=\"unstyled\" data-block-weight=\"70\" data-block-id=\"6\">\n<p class=\"content-text__container \" data-track-category=\"Link no Texto\" data-track-links=\"\">O an\u00fancio foi feito no blog oficial do WhatsApp, em que o mensageiro aproveitou a oportunidade para reiterar seu compromisso em proteger a\u00a0<a href=\"https:\/\/www.techtudo.com.br\/softwares\/apps\/internet\/privacidade\/\">privacidade<\/a>\u00a0dos usu\u00e1rios. &#8220;O WhatsApp nasceu com o objetivo de oferecer um servi\u00e7o simples, confi\u00e1vel e privado. Continuaremos com o mesmo compromisso inicial: ajudar a conectar o mundo com privacidade e proteger a comunica\u00e7\u00e3o pessoal de 2 bilh\u00f5es de usu\u00e1rios em todo o mundo&#8221;, disse a empresa.<\/p>\n<\/div>\n<div class=\"mc-column content-text active-extra-styles \" data-block-type=\"unstyled\" data-block-weight=\"55\" data-block-id=\"7\">\n<p class=\"content-text__container \" data-track-category=\"Link no Texto\" data-track-links=\"\">O recorde veio pouco mais de dois anos ap\u00f3s o WhatsApp\u00a0<a href=\"https:\/\/www.techtudo.com.br\/noticias\/2018\/02\/whatsapp-bate-15-bilhao-de-usuarios-ativos.ghtml\">atingir a marca de 1,5 bilh\u00e3o de usu\u00e1rios ativos por m\u00eas<\/a>, em 2018. Desde ent\u00e3o, a popularidade do mensageiro s\u00f3 fez crescer: em janeiro,\u00a0<a href=\"https:\/\/www.techtudo.com.br\/noticias\/2020\/01\/whatsapp-chega-a-5-bilhoes-de-instalacoes-na-loja-de-apps-do-google.ghtml\">o aplicativo chegou a 5 bilh\u00f5es de instala\u00e7\u00f5es<\/a>\u00a0na\u00a0<a href=\"https:\/\/www.techtudo.com.br\/tudo-sobre\/google-play.html\">Google Play Store<\/a>, loja de apps para\u00a0<a href=\"https:\/\/www.techtudo.com.br\/mobile\/\">celulares<\/a>\u00a0com sistema\u00a0<a href=\"https:\/\/www.techtudo.com.br\/tudo-sobre\/android.html\">Android<\/a>.<\/p>\n<\/div>\n<div class=\"content-ads content-ads--reveal\" data-block-type=\"ads\" data-block-id=\"8\">\u00a0No Brasil, o WhatsApp foi o aplicativo mais usado em 2019, segundo relat\u00f3rio da empresa de monitoramento\u00a0<em>App Annie<\/em>. O mensageiro tamb\u00e9m ocupou a lideran\u00e7a no ranking mundial de usu\u00e1rios ativos por m\u00eas, que leva em conta celulares Android e\u00a0<a href=\"https:\/\/www.techtudo.com.br\/tudo-sobre\/iphone-11.html\">iPhone<\/a>\u00a0(<a href=\"https:\/\/www.techtudo.com.br\/tudo-sobre\/ios.html\">iOS<\/a>).<\/div>\n<div class=\"mc-column content-text active-extra-styles \" data-block-type=\"unstyled\" data-block-weight=\"50\" data-block-id=\"10\">\n<p class=\"content-text__container \" data-track-category=\"Link no Texto\" data-track-links=\"\">O \u00faltimo ano foi, de fato, importante para o WhatsApp: um levantamento da empresa de an\u00e1lise de dados\u00a0<em>Sensor Tower\u00a0<\/em>aponta, ainda, que o WhatsApp\u00a0<a href=\"https:\/\/www.techtudo.com.br\/noticias\/2020\/01\/whatsapp-e-tiktok-sao-os-apps-mais-baixados-do-quarto-trimestre-de-2019.ghtml\">terminou 2019 como o aplicativo mais baixado do mundo<\/a>. Foram cerca de 850 milh\u00f5es de downloads, somadas as lojas Google Play Store e\u00a0<a href=\"https:\/\/www.techtudo.com.br\/tudo-sobre\/app-store.html\">App Store<\/a>.<\/p>\n<\/div>\n<div class=\"mc-column content-text active-extra-styles \" data-block-type=\"unstyled\" data-block-weight=\"6\" data-block-id=\"11\">\n<p class=\"content-text__container \" data-track-category=\"Link no Texto\" data-track-links=\"\">Via\u00a0<a href=\"https:\/\/blog.whatsapp.com\/10000666\/Dois-bilh%C3%B5es-de-usu%C3%A1rios-conectamos-o-mundo-com-privacidade\" target=\"_blank\"><em>WhatsApp\u00a0<\/em><\/a>e\u00a0<a href=\"https:\/\/thenextweb.com\/apps\/2020\/02\/12\/whatsapp-now-has-more-than-2-billion-users\/\" target=\"_blank\"><em>The Next Web<\/em><\/a><\/p>\n<p class=\"content-text__container \" data-track-category=\"Link no Texto\" data-track-links=\"\"><img loading=\"lazy\" decoding=\"async\" class=\"aligncenter size-medium_large wp-image-609\" src=\"https:\/\/www.merionline.com.br\/noticias\/wp-content\/uploads\/2020\/02\/whatsapp-3-marca-768x511.jpg\" alt=\"whatsapp-3-marca\" width=\"640\" height=\"426\" srcset=\"https:\/\/www.merionline.com.br\/noticias\/wp-content\/uploads\/2020\/02\/whatsapp-3-marca-768x511.jpg 768w, https:\/\/www.merionline.com.br\/noticias\/wp-content\/uploads\/2020\/02\/whatsapp-3-marca-300x200.jpg 300w, https:\/\/www.merionline.com.br\/noticias\/wp-content\/uploads\/2020\/02\/whatsapp-3-marca.jpg 1000w\" sizes=\"(max-width: 640px) 100vw, 640px\" \/><\/p>\n<\/div>\n<\/div>\n<\/div>\n<pre class=\"content-head__subtitle\"><em>\u00a0<\/em><\/pre>\n","protected":false},"excerpt":{"rendered":"<p>WhatsApp celebra marca hist\u00f3rica nesta quarta-feira (12), prestes a completar 11 anos de lan\u00e7amento O\u00a0WhatsApp\u00a0anunciou, nesta quarta-feira (12), que ultrapassou a marca de 2 bilh\u00f5es de usu\u00e1rios em todo o mundo. O mensageiro \u00e9 o segundo\u00a0aplicativo\u00a0de propriedade do\u00a0Facebook\u00a0a conquistar o feito desde que a\u00a0rede social\u00a0atingiu o\u00a0mesmo n\u00famero, em 2017. \u00a0Lan\u00e7ado em 2009, o app de [&hellip;]<\/p>\n","protected":false},"author":1,"featured_media":609,"comment_status":"open","ping_status":"open","sticky":false,"template":"","format":"standard","meta":{"footnotes":""},"categories":[15],"tags":[],"_links":{"self":[{"href":"https:\/\/www.merionline.com.br\/noticias\/wp-json\/wp\/v2\/posts\/608"}],"collection":[{"href":"https:\/\/www.merionline.com.br\/noticias\/wp-json\/wp\/v2\/posts"}],"about":[{"href":"https:\/\/www.merionline.com.br\/noticias\/wp-json\/wp\/v2\/types\/post"}],"author":[{"embeddable":true,"href":"https:\/\/www.merionline.com.br\/noticias\/wp-json\/wp\/v2\/users\/1"}],"replies":[{"embeddable":true,"href":"https:\/\/www.merionline.com.br\/noticias\/wp-json\/wp\/v2\/comments?post=608"}],"version-history":[{"count":2,"href":"https:\/\/www.merionline.com.br\/noticias\/wp-json\/wp\/v2\/posts\/608\/revisions"}],"predecessor-version":[{"id":611,"href":"https:\/\/www.merionline.com.br\/noticias\/wp-json\/wp\/v2\/posts\/608\/revisions\/611"}],"wp:featuredmedia":[{"embeddable":true,"href":"https:\/\/www.merionline.com.br\/noticias\/wp-json\/wp\/v2\/media\/609"}],"wp:attachment":[{"href":"https:\/\/www.merionline.com.br\/noticias\/wp-json\/wp\/v2\/media?parent=608"}],"wp:term":[{"taxonomy":"category","embeddable":true,"href":"https:\/\/www.merionline.com.br\/noticias\/wp-json\/wp\/v2\/categories?post=608"},{"taxonomy":"post_tag","embeddable":true,"href":"https:\/\/www.merionline.com.br\/noticias\/wp-json\/wp\/v2\/tags?post=608"}],"curies":[{"name":"wp","href":"https:\/\/api.w.org\/{rel}","templated":true}]}}