{"id":639,"date":"2020-02-17T16:18:39","date_gmt":"2020-02-17T19:18:39","guid":{"rendered":"http:\/\/www.merionline.com.br\/noticias\/?p=639"},"modified":"2020-02-18T12:59:06","modified_gmt":"2020-02-18T15:59:06","slug":"vice-prefeito-de-meridiano-se-irrita-com-retiradas-de-palmeiras","status":"publish","type":"post","link":"https:\/\/www.merionline.com.br\/noticias\/vice-prefeito-de-meridiano-se-irrita-com-retiradas-de-palmeiras\/","title":{"rendered":"Vice Prefeito de Meridiano se irrita com retiradas de Palmeiras"},"content":{"rendered":"<p>Na manh\u00e3 de hoje (17), os funcion\u00e1rios da prefeitura retiraram 2 palmeiras com mais de 25 anos que faziam parte do jardim externo da prefeitura. Segundo informa\u00e7\u00f5es obtidas no local, ser\u00e1 constru\u00eddo um estacionamento para prefeitura, e com isso parte do jardim foi desmanchado para iniciar as obras.<\/p>\n<p>Est\u00e1 obra \u00e9 um dos 3 estacionamentos que o prefeito ir\u00e1 fazer, um de frente ao novo supermercado Serve Bem e o outro de frente ao supermercado da S\u00e3o Jos\u00e9 (Libia).<\/p>\n<p><img loading=\"lazy\" decoding=\"async\" class=\"aligncenter wp-image-667 size-large\" src=\"https:\/\/www.merionline.com.br\/noticias\/wp-content\/uploads\/2020\/02\/anuncie.fw_-1024x196.png\" alt=\"\" width=\"1024\" height=\"196\" srcset=\"https:\/\/www.merionline.com.br\/noticias\/wp-content\/uploads\/2020\/02\/anuncie.fw_-1024x196.png 1024w, https:\/\/www.merionline.com.br\/noticias\/wp-content\/uploads\/2020\/02\/anuncie.fw_-300x57.png 300w, https:\/\/www.merionline.com.br\/noticias\/wp-content\/uploads\/2020\/02\/anuncie.fw_-768x147.png 768w, https:\/\/www.merionline.com.br\/noticias\/wp-content\/uploads\/2020\/02\/anuncie.fw_-1536x294.png 1536w, https:\/\/www.merionline.com.br\/noticias\/wp-content\/uploads\/2020\/02\/anuncie.fw_-2048x392.png 2048w\" sizes=\"(max-width: 1024px) 100vw, 1024px\" \/><\/p>\n<p><strong>Tens\u00e3o<\/strong><\/p>\n<p>No momento que est\u00e1vamos fazendo as fotos, o vice Prefeito Ant\u00f4nio C\u00e9lio chegou, aparentemente &#8220;Irritado&#8221;, pois o mesmo n\u00e3o queria que retirasse as palmeiras, pois j\u00e1 estavam ali a d\u00e9cadas, e pelo fato de estar em um local privilegiado.<\/p>\n<p>Em poucas palavras, o vice demonstrou certa &#8220;Irritabilidade&#8221; com o epis\u00f3dio, contrariando inclusive a decis\u00e3o do prefeito, Ant\u00f4nio C\u00e9lio ainda comentou que n\u00e3o havia necessidade da retirada das palmeiras.<\/p>\n<p>As palmeiras retiradas foram plantadas na entrada do novo distrito industrial no trevo da cidade.<\/p>\n<p>At\u00e9 o momento n\u00e3o encontramos o prefeito para comentar o caso.<\/p>\n<p><img loading=\"lazy\" decoding=\"async\" class=\"aligncenter size-large wp-image-640\" src=\"https:\/\/www.merionline.com.br\/noticias\/wp-content\/uploads\/2020\/02\/WhatsApp-Image-2020-02-17-at-15.58.52-1024x576.jpeg\" alt=\"\" width=\"1024\" height=\"576\" srcset=\"https:\/\/www.merionline.com.br\/noticias\/wp-content\/uploads\/2020\/02\/WhatsApp-Image-2020-02-17-at-15.58.52-1024x576.jpeg 1024w, https:\/\/www.merionline.com.br\/noticias\/wp-content\/uploads\/2020\/02\/WhatsApp-Image-2020-02-17-at-15.58.52-300x169.jpeg 300w, https:\/\/www.merionline.com.br\/noticias\/wp-content\/uploads\/2020\/02\/WhatsApp-Image-2020-02-17-at-15.58.52-768x432.jpeg 768w, https:\/\/www.merionline.com.br\/noticias\/wp-content\/uploads\/2020\/02\/WhatsApp-Image-2020-02-17-at-15.58.52-1536x864.jpeg 1536w, https:\/\/www.merionline.com.br\/noticias\/wp-content\/uploads\/2020\/02\/WhatsApp-Image-2020-02-17-at-15.58.52.jpeg 1600w\" sizes=\"(max-width: 1024px) 100vw, 1024px\" \/> <img loading=\"lazy\" decoding=\"async\" class=\"aligncenter size-large wp-image-641\" src=\"https:\/\/www.merionline.com.br\/noticias\/wp-content\/uploads\/2020\/02\/WhatsApp-Image-2020-02-17-at-15.58.52-1-1024x576.jpeg\" alt=\"\" width=\"1024\" height=\"576\" srcset=\"https:\/\/www.merionline.com.br\/noticias\/wp-content\/uploads\/2020\/02\/WhatsApp-Image-2020-02-17-at-15.58.52-1-1024x576.jpeg 1024w, https:\/\/www.merionline.com.br\/noticias\/wp-content\/uploads\/2020\/02\/WhatsApp-Image-2020-02-17-at-15.58.52-1-300x169.jpeg 300w, https:\/\/www.merionline.com.br\/noticias\/wp-content\/uploads\/2020\/02\/WhatsApp-Image-2020-02-17-at-15.58.52-1-768x432.jpeg 768w, https:\/\/www.merionline.com.br\/noticias\/wp-content\/uploads\/2020\/02\/WhatsApp-Image-2020-02-17-at-15.58.52-1-1536x864.jpeg 1536w, https:\/\/www.merionline.com.br\/noticias\/wp-content\/uploads\/2020\/02\/WhatsApp-Image-2020-02-17-at-15.58.52-1.jpeg 1600w\" sizes=\"(max-width: 1024px) 100vw, 1024px\" \/><\/p>\n<p><span style=\"color: #0000ff;\"><strong>Veja tamb\u00e9m:<\/strong><\/span>\u00a0<a href=\"https:\/\/www.merionline.com.br\/noticias\/caso-palmeiras-prefeito-responde-ele-tem-seus-motivos-pessoais\/\" target=\"_blank\" rel=\"noopener noreferrer\">Caso Palmeiras: Prefeito Responde; \u201cEle Tem Seus Motivos Pessoais\u201d<\/a><\/p>\n","protected":false},"excerpt":{"rendered":"<p>Na manh\u00e3 de hoje (17), os funcion\u00e1rios da prefeitura retiraram 2 palmeiras com mais de 25 anos que faziam parte do jardim externo da prefeitura. Segundo informa\u00e7\u00f5es obtidas no local, ser\u00e1 constru\u00eddo um estacionamento para prefeitura, e com isso parte do jardim foi desmanchado para iniciar as obras. Est\u00e1 obra \u00e9 um dos 3 estacionamentos [&hellip;]<\/p>\n","protected":false},"author":1,"featured_media":640,"comment_status":"closed","ping_status":"closed","sticky":false,"template":"","format":"standard","meta":{"footnotes":""},"categories":[3,6],"tags":[],"_links":{"self":[{"href":"https:\/\/www.merionline.com.br\/noticias\/wp-json\/wp\/v2\/posts\/639"}],"collection":[{"href":"https:\/\/www.merionline.com.br\/noticias\/wp-json\/wp\/v2\/posts"}],"about":[{"href":"https:\/\/www.merionline.com.br\/noticias\/wp-json\/wp\/v2\/types\/post"}],"author":[{"embeddable":true,"href":"https:\/\/www.merionline.com.br\/noticias\/wp-json\/wp\/v2\/users\/1"}],"replies":[{"embeddable":true,"href":"https:\/\/www.merionline.com.br\/noticias\/wp-json\/wp\/v2\/comments?post=639"}],"version-history":[{"count":7,"href":"https:\/\/www.merionline.com.br\/noticias\/wp-json\/wp\/v2\/posts\/639\/revisions"}],"predecessor-version":[{"id":678,"href":"https:\/\/www.merionline.com.br\/noticias\/wp-json\/wp\/v2\/posts\/639\/revisions\/678"}],"wp:featuredmedia":[{"embeddable":true,"href":"https:\/\/www.merionline.com.br\/noticias\/wp-json\/wp\/v2\/media\/640"}],"wp:attachment":[{"href":"https:\/\/www.merionline.com.br\/noticias\/wp-json\/wp\/v2\/media?parent=639"}],"wp:term":[{"taxonomy":"category","embeddable":true,"href":"https:\/\/www.merionline.com.br\/noticias\/wp-json\/wp\/v2\/categories?post=639"},{"taxonomy":"post_tag","embeddable":true,"href":"https:\/\/www.merionline.com.br\/noticias\/wp-json\/wp\/v2\/tags?post=639"}],"curies":[{"name":"wp","href":"https:\/\/api.w.org\/{rel}","templated":true}]}}