{"id":64,"date":"2013-11-08T02:55:18","date_gmt":"2013-11-08T04:55:18","guid":{"rendered":"http:\/\/www.merionline.com.br\/noticias\/?p=64"},"modified":"2013-11-08T02:55:18","modified_gmt":"2013-11-08T04:55:18","slug":"prefeito-aristeu-lu-alckmin-e-neuza-baldin-assinam-convenio-para-implantacao-de-escola-da-moda","status":"publish","type":"post","link":"https:\/\/www.merionline.com.br\/noticias\/prefeito-aristeu-lu-alckmin-e-neuza-baldin-assinam-convenio-para-implantacao-de-escola-da-moda\/","title":{"rendered":"Prefeito Aristeu, Lu Alckmin e Neuza Baldin assinam conv\u00eanio para implanta\u00e7\u00e3o de \u201cEscola da Moda\u201d"},"content":{"rendered":"<p>Nesta quarta-feira, 30, o prefeito Aristeu Baldin e a diretora do Fundo Social de Solidariedade Neuza Baldin participaram de reuni\u00e3o com a presidente do FUSSESP (Fundo Social de Solidariedade do Estado de S\u00e3o Paulo) Lu Alckmin para a assinatura do conv\u00eanio para a instala\u00e7\u00e3o da Escola de Moda em Meridiano. O encontro aconteceu no Pal\u00e1cio dos Bandeirantes, em S\u00e3o Paulo.<\/p>\n<p>O prefeito Aristeu e a diretora do Fundo Social Neuza Baldin agradeceram Lu Alckmin pela inclus\u00e3o do munic\u00edpio neste projeto e informaram que a Escola de Moda vai funcionar no CRAS (Centro de Refer\u00eancia de Assist\u00eancia Social),<\/p>\n<p>A Escola de Moda \u00e9 um projeto de qualifica\u00e7\u00e3o profissional e capacita\u00e7\u00e3o de agentes multiplicadores. Para a execu\u00e7\u00e3o do projeto, o FUSSESP doa para os munic\u00edpios escolhidos e entidades assistenciais 1 Kit Costura, composto m\u00e1quinas de costura, cadeiras, mesas de corte e mais um repasse para aquisi\u00e7\u00e3o de insumos como fita m\u00e9trica, tesoura, tecidos, ferro e t\u00e1bua de passar.<\/p>\n<p><strong>Objetivos gerais:<\/strong>\u00a0Promover a capacita\u00e7\u00e3o e qualifica\u00e7\u00e3o de pessoas em situa\u00e7\u00e3o de vulnerabilidade social, mediante a promo\u00e7\u00e3o de cursos nas \u00e1reas de corte, costura, modelagem, bordado e atividades afins.<\/p>\n<p><strong>Objetivos espec\u00edficos:<\/strong>\u00a0Realizar cursos de Roteiro de Costura, Modelagem, Patchwork, Bordado em Linha, Bordado em Pedraria, Croch\u00ea e Confec\u00e7\u00e3o e Forra\u00e7\u00e3o de Caixas.<\/p>\n<p><strong>P\u00fablico-alvo:<\/strong>\u00a0Pessoas em situa\u00e7\u00e3o de vulnerabilidade social encaminhadas pelos Fundos Sociais dos Munic\u00edpios, entidades sociais, comunidades e institui\u00e7\u00f5es.<\/p>\n","protected":false},"excerpt":{"rendered":"<p>Nesta quarta-feira, 30, o prefeito Aristeu Baldin e a diretora do Fundo Social de Solidariedade Neuza Baldin participaram de reuni\u00e3o com a presidente do FUSSESP (Fundo Social de Solidariedade do Estado de S\u00e3o Paulo) Lu Alckmin para a assinatura do conv\u00eanio para a instala\u00e7\u00e3o da Escola de Moda em Meridiano. O encontro aconteceu no Pal\u00e1cio [&hellip;]<\/p>\n","protected":false},"author":1,"featured_media":65,"comment_status":"open","ping_status":"open","sticky":false,"template":"","format":"standard","meta":{"footnotes":""},"categories":[6,5],"tags":[],"_links":{"self":[{"href":"https:\/\/www.merionline.com.br\/noticias\/wp-json\/wp\/v2\/posts\/64"}],"collection":[{"href":"https:\/\/www.merionline.com.br\/noticias\/wp-json\/wp\/v2\/posts"}],"about":[{"href":"https:\/\/www.merionline.com.br\/noticias\/wp-json\/wp\/v2\/types\/post"}],"author":[{"embeddable":true,"href":"https:\/\/www.merionline.com.br\/noticias\/wp-json\/wp\/v2\/users\/1"}],"replies":[{"embeddable":true,"href":"https:\/\/www.merionline.com.br\/noticias\/wp-json\/wp\/v2\/comments?post=64"}],"version-history":[{"count":1,"href":"https:\/\/www.merionline.com.br\/noticias\/wp-json\/wp\/v2\/posts\/64\/revisions"}],"predecessor-version":[{"id":66,"href":"https:\/\/www.merionline.com.br\/noticias\/wp-json\/wp\/v2\/posts\/64\/revisions\/66"}],"wp:featuredmedia":[{"embeddable":true,"href":"https:\/\/www.merionline.com.br\/noticias\/wp-json\/wp\/v2\/media\/65"}],"wp:attachment":[{"href":"https:\/\/www.merionline.com.br\/noticias\/wp-json\/wp\/v2\/media?parent=64"}],"wp:term":[{"taxonomy":"category","embeddable":true,"href":"https:\/\/www.merionline.com.br\/noticias\/wp-json\/wp\/v2\/categories?post=64"},{"taxonomy":"post_tag","embeddable":true,"href":"https:\/\/www.merionline.com.br\/noticias\/wp-json\/wp\/v2\/tags?post=64"}],"curies":[{"name":"wp","href":"https:\/\/api.w.org\/{rel}","templated":true}]}}