{"id":670,"date":"2020-02-18T11:17:27","date_gmt":"2020-02-18T14:17:27","guid":{"rendered":"http:\/\/www.merionline.com.br\/noticias\/?p=670"},"modified":"2020-02-18T12:57:07","modified_gmt":"2020-02-18T15:57:07","slug":"caso-palmeiras-prefeito-responde-ele-tem-seus-motivos-pessoais","status":"publish","type":"post","link":"https:\/\/www.merionline.com.br\/noticias\/caso-palmeiras-prefeito-responde-ele-tem-seus-motivos-pessoais\/","title":{"rendered":"Caso Palmeiras: Prefeito responde; &#8220;Ele tem seus motivos pessoais&#8221;"},"content":{"rendered":"<p>Hoje (18) pela manh\u00e3 estivemos no gabinete do Sr\u00ba Prefeito Maicon para saber mais sobre os motivos da retirada das Palmeiras, segundo o prefeito foi necess\u00e1ria a retirada, pois estavam causando transtornos na tubula\u00e7\u00e3o e encanamentos que passavam por baixo do jardim causando inclusive entupimento dos banheiros.<\/p>\n<figure id=\"attachment_673\" aria-describedby=\"caption-attachment-673\" style=\"width: 606px\" class=\"wp-caption aligncenter\"><img loading=\"lazy\" decoding=\"async\" class=\"wp-image-673 \" src=\"https:\/\/www.merionline.com.br\/noticias\/wp-content\/uploads\/2020\/02\/WhatsApp-Image-2020-02-17-at-17.05.26-1.jpeg\" alt=\"\" width=\"606\" height=\"381\" srcset=\"https:\/\/www.merionline.com.br\/noticias\/wp-content\/uploads\/2020\/02\/WhatsApp-Image-2020-02-17-at-17.05.26-1.jpeg 774w, https:\/\/www.merionline.com.br\/noticias\/wp-content\/uploads\/2020\/02\/WhatsApp-Image-2020-02-17-at-17.05.26-1-300x189.jpeg 300w, https:\/\/www.merionline.com.br\/noticias\/wp-content\/uploads\/2020\/02\/WhatsApp-Image-2020-02-17-at-17.05.26-1-768x483.jpeg 768w\" sizes=\"(max-width: 606px) 100vw, 606px\" \/><figcaption id=\"caption-attachment-673\" class=\"wp-caption-text\">Tubula\u00e7\u00e3o afetada segundo o prefeito e o engenheiro<\/figcaption><\/figure>\n<p>Na ocasi\u00e3o o prefeito disse que h\u00e1 necessidade de um novo estacionamento para a prefeitura, pois o atual j\u00e1 est\u00e1 sobrecarregado, e nos dias de feira fica ainda pior.<\/p>\n<figure id=\"attachment_672\" aria-describedby=\"caption-attachment-672\" style=\"width: 618px\" class=\"wp-caption aligncenter\"><img loading=\"lazy\" decoding=\"async\" class=\" wp-image-672\" src=\"https:\/\/www.merionline.com.br\/noticias\/wp-content\/uploads\/2020\/02\/WhatsApp-Image-2020-02-18-at-11.12.40-1024x576.jpeg\" alt=\"\" width=\"618\" height=\"347\" srcset=\"https:\/\/www.merionline.com.br\/noticias\/wp-content\/uploads\/2020\/02\/WhatsApp-Image-2020-02-18-at-11.12.40-1024x576.jpeg 1024w, https:\/\/www.merionline.com.br\/noticias\/wp-content\/uploads\/2020\/02\/WhatsApp-Image-2020-02-18-at-11.12.40-300x169.jpeg 300w, https:\/\/www.merionline.com.br\/noticias\/wp-content\/uploads\/2020\/02\/WhatsApp-Image-2020-02-18-at-11.12.40-768x432.jpeg 768w, https:\/\/www.merionline.com.br\/noticias\/wp-content\/uploads\/2020\/02\/WhatsApp-Image-2020-02-18-at-11.12.40-1536x864.jpeg 1536w, https:\/\/www.merionline.com.br\/noticias\/wp-content\/uploads\/2020\/02\/WhatsApp-Image-2020-02-18-at-11.12.40.jpeg 1600w\" sizes=\"(max-width: 618px) 100vw, 618px\" \/><figcaption id=\"caption-attachment-672\" class=\"wp-caption-text\">As 2 palmeiras j\u00e1 foram plantadas no trevo do Distrito Industrial e est\u00e3o sendo &#8220;acompanhadas&#8221;,<\/figcaption><\/figure>\n<p>Quando questionamos sobre o vice prefeito ter se <em>&#8220;irritado&#8221;<\/em> com a retirada das palmeiras, ele respondeu; -&#8220;<em>Sinto muito mesmo pela retirada, ele tem seus motivos &#8220;pessoais&#8221; para n\u00e3o querer que fossem retiradas, mas respeito a posi\u00e7\u00e3o dele<\/em>&#8220;, e finalizou.<\/p>\n<p><span style=\"color: #0000ff;\"><strong>Veja tamb\u00e9m:<\/strong><\/span> <a href=\"https:\/\/www.merionline.com.br\/noticias\/vice-prefeito-de-meridiano-se-irrita-com-retiradas-de-palmeiras\/\" target=\"_blank\" rel=\"noopener noreferrer\">Vice Prefeito De Meridiano Se Irrita Com Retiradas De Palmeiras<\/a><\/p>\n<p>&nbsp;<\/p>\n","protected":false},"excerpt":{"rendered":"<p>Hoje (18) pela manh\u00e3 estivemos no gabinete do Sr\u00ba Prefeito Maicon para saber mais sobre os motivos da retirada das Palmeiras, segundo o prefeito foi necess\u00e1ria a retirada, pois estavam causando transtornos na tubula\u00e7\u00e3o e encanamentos que passavam por baixo do jardim causando inclusive entupimento dos banheiros. Na ocasi\u00e3o o prefeito disse que h\u00e1 necessidade [&hellip;]<\/p>\n","protected":false},"author":1,"featured_media":671,"comment_status":"open","ping_status":"open","sticky":false,"template":"","format":"standard","meta":{"footnotes":""},"categories":[3,6],"tags":[],"_links":{"self":[{"href":"https:\/\/www.merionline.com.br\/noticias\/wp-json\/wp\/v2\/posts\/670"}],"collection":[{"href":"https:\/\/www.merionline.com.br\/noticias\/wp-json\/wp\/v2\/posts"}],"about":[{"href":"https:\/\/www.merionline.com.br\/noticias\/wp-json\/wp\/v2\/types\/post"}],"author":[{"embeddable":true,"href":"https:\/\/www.merionline.com.br\/noticias\/wp-json\/wp\/v2\/users\/1"}],"replies":[{"embeddable":true,"href":"https:\/\/www.merionline.com.br\/noticias\/wp-json\/wp\/v2\/comments?post=670"}],"version-history":[{"count":4,"href":"https:\/\/www.merionline.com.br\/noticias\/wp-json\/wp\/v2\/posts\/670\/revisions"}],"predecessor-version":[{"id":677,"href":"https:\/\/www.merionline.com.br\/noticias\/wp-json\/wp\/v2\/posts\/670\/revisions\/677"}],"wp:featuredmedia":[{"embeddable":true,"href":"https:\/\/www.merionline.com.br\/noticias\/wp-json\/wp\/v2\/media\/671"}],"wp:attachment":[{"href":"https:\/\/www.merionline.com.br\/noticias\/wp-json\/wp\/v2\/media?parent=670"}],"wp:term":[{"taxonomy":"category","embeddable":true,"href":"https:\/\/www.merionline.com.br\/noticias\/wp-json\/wp\/v2\/categories?post=670"},{"taxonomy":"post_tag","embeddable":true,"href":"https:\/\/www.merionline.com.br\/noticias\/wp-json\/wp\/v2\/tags?post=670"}],"curies":[{"name":"wp","href":"https:\/\/api.w.org\/{rel}","templated":true}]}}