{"id":679,"date":"2020-02-19T08:12:39","date_gmt":"2020-02-19T11:12:39","guid":{"rendered":"http:\/\/www.merionline.com.br\/noticias\/?p=679"},"modified":"2020-02-19T18:58:16","modified_gmt":"2020-02-19T21:58:16","slug":"quero-terminar-meu-mandato-em-paz-afirma-prefeito-maicon","status":"publish","type":"post","link":"https:\/\/www.merionline.com.br\/noticias\/quero-terminar-meu-mandato-em-paz-afirma-prefeito-maicon\/","title":{"rendered":"Quero terminar meu mandato &#8220;em paz&#8221; afirma prefeito Maicon"},"content":{"rendered":"<p>Em um &#8220;cafezinho&#8221; com o Sr\u00ba prefeito de Meridiano hoje pela manh\u00e3 em seu gabinete, discutimos alguns assuntos pol\u00edticos, Maicon afirmou que no presente momento n\u00e3o tem inten\u00e7\u00e3o de ser um candidato a prefeito, segundo ele, pretende terminar o ano cumprindo com suas obriga\u00e7\u00f5es, &#8220;<span style=\"color: #808080;\"><em>E foi pra isso que fui eleito, para trabalhar pelo povo<\/em><\/span>&#8220;, enfatiza Maicon.<\/p>\n<figure id=\"attachment_731\" aria-describedby=\"caption-attachment-731\" style=\"width: 973px\" class=\"wp-caption alignleft\"><img loading=\"lazy\" decoding=\"async\" class=\"size-full wp-image-731\" src=\"https:\/\/www.merionline.com.br\/noticias\/wp-content\/uploads\/2020\/02\/xxxxx.fw_.png\" alt=\"\" width=\"973\" height=\"245\" srcset=\"https:\/\/www.merionline.com.br\/noticias\/wp-content\/uploads\/2020\/02\/xxxxx.fw_.png 973w, https:\/\/www.merionline.com.br\/noticias\/wp-content\/uploads\/2020\/02\/xxxxx.fw_-300x76.png 300w, https:\/\/www.merionline.com.br\/noticias\/wp-content\/uploads\/2020\/02\/xxxxx.fw_-768x193.png 768w\" sizes=\"(max-width: 973px) 100vw, 973px\" \/><figcaption id=\"caption-attachment-731\" class=\"wp-caption-text\"><strong>PUBLICIDADE<\/strong><\/figcaption><\/figure>\n<p>Maicon afirmou que tudo pode acontecer, mas que no momento n\u00e3o pretende disputar nada na pr\u00f3xima elei\u00e7\u00e3o.<\/p>\n<figure id=\"attachment_680\" aria-describedby=\"caption-attachment-680\" style=\"width: 1024px\" class=\"wp-caption aligncenter\"><img loading=\"lazy\" decoding=\"async\" class=\"wp-image-680 size-large\" style=\"font-size: 15px; font-weight: bold; text-align: center; text-transform: initial;\" src=\"https:\/\/www.merionline.com.br\/noticias\/wp-content\/uploads\/2020\/02\/WhatsApp-Image-2020-02-18-at-11.03.12-e1582043191751-1024x578.jpeg\" alt=\"\" width=\"1024\" height=\"578\" srcset=\"https:\/\/www.merionline.com.br\/noticias\/wp-content\/uploads\/2020\/02\/WhatsApp-Image-2020-02-18-at-11.03.12-e1582043191751-1024x578.jpeg 1024w, https:\/\/www.merionline.com.br\/noticias\/wp-content\/uploads\/2020\/02\/WhatsApp-Image-2020-02-18-at-11.03.12-e1582043191751-300x169.jpeg 300w, https:\/\/www.merionline.com.br\/noticias\/wp-content\/uploads\/2020\/02\/WhatsApp-Image-2020-02-18-at-11.03.12-e1582043191751-768x434.jpeg 768w, https:\/\/www.merionline.com.br\/noticias\/wp-content\/uploads\/2020\/02\/WhatsApp-Image-2020-02-18-at-11.03.12-e1582043191751.jpeg 1280w\" sizes=\"(max-width: 1024px) 100vw, 1024px\" \/><figcaption id=\"caption-attachment-680\" class=\"wp-caption-text\">Prefeito de Meridiano em seu gabinete<\/figcaption><\/figure>\n<p><span style=\"color: #0000ff;\"><strong>Veja tamb\u00e9m:<\/strong><\/span>\u00a0<a href=\"https:\/\/www.merionline.com.br\/noticias\/maicon-e-celio-vencem-a-eleicao-suplementar-2019\/\" target=\"_blank\" rel=\"noopener noreferrer\">Maicon E C\u00e9lio Vencem A Elei\u00e7\u00e3o Suplementar 2019<\/a><\/p>\n","protected":false},"excerpt":{"rendered":"<p>Em um &#8220;cafezinho&#8221; com o Sr\u00ba prefeito de Meridiano hoje pela manh\u00e3 em seu gabinete, discutimos alguns assuntos pol\u00edticos, Maicon afirmou que no presente momento n\u00e3o tem inten\u00e7\u00e3o de ser um candidato a prefeito, segundo ele, pretende terminar o ano cumprindo com suas obriga\u00e7\u00f5es, &#8220;E foi pra isso que fui eleito, para trabalhar pelo povo&#8220;, [&hellip;]<\/p>\n","protected":false},"author":1,"featured_media":680,"comment_status":"open","ping_status":"open","sticky":false,"template":"","format":"standard","meta":{"footnotes":""},"categories":[3,6],"tags":[],"_links":{"self":[{"href":"https:\/\/www.merionline.com.br\/noticias\/wp-json\/wp\/v2\/posts\/679"}],"collection":[{"href":"https:\/\/www.merionline.com.br\/noticias\/wp-json\/wp\/v2\/posts"}],"about":[{"href":"https:\/\/www.merionline.com.br\/noticias\/wp-json\/wp\/v2\/types\/post"}],"author":[{"embeddable":true,"href":"https:\/\/www.merionline.com.br\/noticias\/wp-json\/wp\/v2\/users\/1"}],"replies":[{"embeddable":true,"href":"https:\/\/www.merionline.com.br\/noticias\/wp-json\/wp\/v2\/comments?post=679"}],"version-history":[{"count":9,"href":"https:\/\/www.merionline.com.br\/noticias\/wp-json\/wp\/v2\/posts\/679\/revisions"}],"predecessor-version":[{"id":743,"href":"https:\/\/www.merionline.com.br\/noticias\/wp-json\/wp\/v2\/posts\/679\/revisions\/743"}],"wp:featuredmedia":[{"embeddable":true,"href":"https:\/\/www.merionline.com.br\/noticias\/wp-json\/wp\/v2\/media\/680"}],"wp:attachment":[{"href":"https:\/\/www.merionline.com.br\/noticias\/wp-json\/wp\/v2\/media?parent=679"}],"wp:term":[{"taxonomy":"category","embeddable":true,"href":"https:\/\/www.merionline.com.br\/noticias\/wp-json\/wp\/v2\/categories?post=679"},{"taxonomy":"post_tag","embeddable":true,"href":"https:\/\/www.merionline.com.br\/noticias\/wp-json\/wp\/v2\/tags?post=679"}],"curies":[{"name":"wp","href":"https:\/\/api.w.org\/{rel}","templated":true}]}}