{"id":687,"date":"2020-02-18T13:33:43","date_gmt":"2020-02-18T16:33:43","guid":{"rendered":"http:\/\/www.merionline.com.br\/noticias\/?p=687"},"modified":"2020-02-18T13:33:43","modified_gmt":"2020-02-18T16:33:43","slug":"luiz-bacci-do-cidade-alerta-revela-ao-vivo-a-uma-mae-que-a-filha-foi-assassinada","status":"publish","type":"post","link":"https:\/\/www.merionline.com.br\/noticias\/luiz-bacci-do-cidade-alerta-revela-ao-vivo-a-uma-mae-que-a-filha-foi-assassinada\/","title":{"rendered":"Luiz Bacci, do Cidade Alerta, revela ao vivo a uma m\u00e3e que a filha foi assassinada"},"content":{"rendered":"<p><em>Da Reda\u00e7\u00e3o<\/em><\/p>\n<p>O Cidade Alerta estava cobrindo h\u00e1 dias o caso do desaparecimento de Marcela, 21, que estava gr\u00e1vida. No programa desta segunda-feira, 17, o apresentador Luiz Bacci entrou ao vivo para falar com Andrea, m\u00e3e da jovem, que torcia para que a filha estivesse bem.<\/p>\n<p>No mesmo momento, o apresentador disse que tinha not\u00edcias em primeira m\u00e3o para dar e falou para\u00a0Andrea. &#8220;A senhora quer mesmo saber as novidades?&#8221;. Ele colocou na linha, ent\u00e3o, o advogado de Carlos, namorado de Marcela e suspeito de estar envolvido com o desparecimento da jovem.<\/p>\n<p>Antes de Alan come\u00e7ar a falar, Bacci refor\u00e7ou \u00e0 m\u00e3e: &#8220;Vou precisar que a senhora seja muito forte porque ele vai falar com a gente ao vivo&#8221;.<\/p>\n<p>O advogado, chamado Alan,\u00a0contou que Carlos foi levado a delegacia por vontade pr\u00f3pria. &#8220;Ele deu um breve depoimento, confessou a autoria do crime e nos levou ao local onde foi encontrado o\u00a0corpo da Marcela. N\u00e3o foi um crime premeditado.&#8221;<\/p>\n<p>Ao descobrir, ao vivo, que a filha havia sido assassinada, a m\u00e3e come\u00e7ou a gritar: &#8220;N\u00e3o, ele n\u00e3o fez isso com a minha filha&#8221;. Ela arrancou os fones de ouvido e teve de ser carregada pela equipe de filmagem.<\/p>\n<p>Na internet, a repercuss\u00e3o foi bastante negativa. Pelo Instagram, o apresentador Luiz Bacci comentou o assunto. &#8220;Foi mais um caso que terminou de maneira triste. J\u00e1 havia v\u00e1rios ind\u00edcios de que isso teria acontecido pela forma violenta de como o Carlos tratava a namorada&#8221;, afirmou.<\/p>\n<p>Bacci disse, ainda, que \u00e9 costume do programa perguntar \u00e0 fam\u00edlia se ela deseja acompanhar o desdobramento do caso ao vivo. &#8220;Qualquer parente passaria mal com uma not\u00edcia dessas. Isso tamb\u00e9m nos machucou muito, mesmo isso sendo parte do nosso dia a dia.&#8221;<\/p>\n<p>At\u00e9 o momento desta publica\u00e7\u00e3o, a Record TV n\u00e3o havia se posicionado sobre o assunto.<\/p>\n<p><img loading=\"lazy\" decoding=\"async\" class=\"aligncenter size-full wp-image-688\" src=\"https:\/\/www.merionline.com.br\/noticias\/wp-content\/uploads\/2020\/02\/0ac8d14dee5f09417daa2a1705f97109___medialibrary_original_450_252.jpg\" alt=\"\" width=\"448\" height=\"252\" srcset=\"https:\/\/www.merionline.com.br\/noticias\/wp-content\/uploads\/2020\/02\/0ac8d14dee5f09417daa2a1705f97109___medialibrary_original_450_252.jpg 448w, https:\/\/www.merionline.com.br\/noticias\/wp-content\/uploads\/2020\/02\/0ac8d14dee5f09417daa2a1705f97109___medialibrary_original_450_252-300x169.jpg 300w\" sizes=\"(max-width: 448px) 100vw, 448px\" \/><\/p>\n<p><em>Fonte: Folha de S. Paulo<\/em><\/p>\n","protected":false},"excerpt":{"rendered":"<p>Da Reda\u00e7\u00e3o O Cidade Alerta estava cobrindo h\u00e1 dias o caso do desaparecimento de Marcela, 21, que estava gr\u00e1vida. No programa desta segunda-feira, 17, o apresentador Luiz Bacci entrou ao vivo para falar com Andrea, m\u00e3e da jovem, que torcia para que a filha estivesse bem. No mesmo momento, o apresentador disse que tinha not\u00edcias [&hellip;]<\/p>\n","protected":false},"author":1,"featured_media":688,"comment_status":"open","ping_status":"open","sticky":false,"template":"","format":"standard","meta":{"footnotes":""},"categories":[4,2],"tags":[],"_links":{"self":[{"href":"https:\/\/www.merionline.com.br\/noticias\/wp-json\/wp\/v2\/posts\/687"}],"collection":[{"href":"https:\/\/www.merionline.com.br\/noticias\/wp-json\/wp\/v2\/posts"}],"about":[{"href":"https:\/\/www.merionline.com.br\/noticias\/wp-json\/wp\/v2\/types\/post"}],"author":[{"embeddable":true,"href":"https:\/\/www.merionline.com.br\/noticias\/wp-json\/wp\/v2\/users\/1"}],"replies":[{"embeddable":true,"href":"https:\/\/www.merionline.com.br\/noticias\/wp-json\/wp\/v2\/comments?post=687"}],"version-history":[{"count":1,"href":"https:\/\/www.merionline.com.br\/noticias\/wp-json\/wp\/v2\/posts\/687\/revisions"}],"predecessor-version":[{"id":689,"href":"https:\/\/www.merionline.com.br\/noticias\/wp-json\/wp\/v2\/posts\/687\/revisions\/689"}],"wp:featuredmedia":[{"embeddable":true,"href":"https:\/\/www.merionline.com.br\/noticias\/wp-json\/wp\/v2\/media\/688"}],"wp:attachment":[{"href":"https:\/\/www.merionline.com.br\/noticias\/wp-json\/wp\/v2\/media?parent=687"}],"wp:term":[{"taxonomy":"category","embeddable":true,"href":"https:\/\/www.merionline.com.br\/noticias\/wp-json\/wp\/v2\/categories?post=687"},{"taxonomy":"post_tag","embeddable":true,"href":"https:\/\/www.merionline.com.br\/noticias\/wp-json\/wp\/v2\/tags?post=687"}],"curies":[{"name":"wp","href":"https:\/\/api.w.org\/{rel}","templated":true}]}}